{"id":147657,"date":"2018-08-02T15:23:38","date_gmt":"2018-08-02T18:23:38","guid":{"rendered":"https:\/\/www.redenoticia.com.br\/noticia\/?p=147657"},"modified":"2018-08-06T17:45:47","modified_gmt":"2018-08-06T20:45:47","slug":"novela-a-terra-prometida-resumo-03-08-iru-e-maquir-iniciam-a-terceira-e-ultima-luta","status":"publish","type":"post","link":"https:\/\/migracao.redenoticia.com.br\/noticia\/2018\/novela-a-terra-prometida-resumo-03-08-iru-e-maquir-iniciam-a-terceira-e-ultima-luta\/147657","title":{"rendered":"Novela \u201cA Terra Prometida\u201d resumo 03\/08: Melquias vence Otniel"},"content":{"rendered":"<p> <img loading=\"lazy\" decoding=\"async\" class=\"alignleft size-thumbnail wp-image-89446\" src=\"https:\/\/migracao.redenoticia.com.br\/noticia\/imagens\/a-terra-prometida-novela-record-resumo-150x112.jpg\" alt=\"\" width=\"150\" height=\"112\" srcset=\"https:\/\/migracao.redenoticia.com.br\/noticia\/imagens\/a-terra-prometida-novela-record-resumo-150x112.jpg 150w, https:\/\/migracao.redenoticia.com.br\/noticia\/imagens\/a-terra-prometida-novela-record-resumo-265x198.jpg 265w\" sizes=\"auto, (max-width: 150px) 100vw, 150px\" \/><em><strong>Novela \u201cA Terra Prometida\u201d resumo 03\/08<\/strong><\/em>: no capitulo 008 (*) da novela \u201cA Terra Prometida\u201d, sexta-feira, 03 de agosto, assustado, Josu\u00e9 acorda do pesadelo. Tibar encontra Liora e avisa que lhe dar\u00e1 um castigo. Em conversa com Noemi, Calebe alerta sobre a responsabilidade que Josu\u00e9 carrega. Sem conseguir dormir, Aruna se lembra das humilha\u00e7\u00f5es de Samara. Ela se pergunta sobre seu pr\u00f3prio passado e decide sair para dar uma volta. Josu\u00e9 encontra a mo\u00e7a e os dois conversam sobre a vida. O l\u00edder hebreu conta sobre a ida de Samara ao seu quarto. Aruna disfar\u00e7a o inc\u00f4modo e promete guardar segredo. Cada um em seu quarto, Josu\u00e9 e Aruna oram a Deus. Liora, machucada e cheia de hematomas, chega at\u00e9 a casa de Raabe. Ela conta que foi agredida por Tibar e alerta que a amiga corre perigo. Josu\u00e9 avisa que est\u00e1 providenciando uma nova tenda para a fam\u00edlia de Quemuel. L\u00e9ia tenta provocar Aruna, mas a mo\u00e7a consegue se conter. Ela sai apressada e procura um lugar para ficar sozinha. Ion\u00e1 a escuta desabafando e pede para Aruna confiar nela.<\/p>\n<p>Tibar encontra com o rei Marek e a rainha Kalesi no pal\u00e1cio. O comandante avisa que j\u00e1 encontrou uma crian\u00e7a inocente para o sacrif\u00edcio. Tibar e alguns soldados chegam at\u00e9 a casa de Raabe. O oficial surpreende a todos ao avisar que levar\u00e1 Nob\u00e1. Raabe se desespera e sai atr\u00e1s de Tibar e os outros soldados. Ela implora pela vida do irm\u00e3o, mas Nob\u00e1 \u00e9 levado para o pal\u00e1cio. Kalesi e Merodaque recebem o menino. Raabe tenta seguir o irm\u00e3o, mas \u00e9 impedida de continuar avan\u00e7ando. Aruna desabafa com Ion\u00e1 e ganha a confian\u00e7a da mo\u00e7a. A filha de cria\u00e7\u00e3o de L\u00e9ia e Quemuel diz acreditar que Josu\u00e9 esteja apaixonado por Samara. O l\u00edder dos hebreus se prepara para escolher os dois espi\u00f5es que entrar\u00e3o em Jeric\u00f3. Livana encontra Maquir e pede para ele n\u00e3o participar da competi\u00e7\u00e3o que definir\u00e1 os espi\u00f5es. Ele pede um beijo para a mo\u00e7a, mas s\u00e3o surpreendidos com a chegada de Iru.<\/p>\n<p>Tobias pede para ir ao combate, mas Darda e Chaia o impedem. Tibar encontra Raabe na escadaria da frente do pal\u00e1cio e carrega a mo\u00e7a pelos bra\u00e7os. No interior do pal\u00e1cio, o comandante joga Raabe em uma cela ao lado de Nob\u00e1. O povo hebreu se re\u00fane para assistir o combate que escolher\u00e1 os dois espi\u00f5es de Israel. Salmon, Otniel, Maquir, Zaqueu, Iru e Melquias participam da disputa. Samara se senta ao lado de Josu\u00e9, mas se desaponta em seguida ao ver o guerreiro se levantar. Tr\u00eas duplas s\u00e3o definidas para o confronto e o combate come\u00e7a. Melquias vence Otniel com facilidade. Tibar busca Nob\u00e1 na cela e Raabe se desespera. Zaqueu e Salmon iniciam a pr\u00f3xima luta. Salmon vence o confronto. J\u00e9ssica chora de tristeza, pois ela teme que o noivo torne-se um espi\u00e3o.  <\/p>\n<p>(*) edi\u00e7\u00e3o da Rede Record, Novela \u201cA Terra Prometida\u201d, sujeito a altera\u00e7\u00e3o de data e conte\u00fado.<\/p>\n<p>\u201cA Terra Prometida\u201d &#8211; Ap\u00f3s a morte de Mois\u00e9s, Josu\u00e9 \u00e9 o novo l\u00edder dos hebreus. Ele \u00e9 um guerreiro experiente, dotado de coragem, determina\u00e7\u00e3o e de uma f\u00e9 poderosa. Mas n\u00e3o \u00e9 tarefa f\u00e1cil conduzir um povo ao seu destino! Com seus aliados mais pr\u00f3ximos e de confian\u00e7a, o sacerdote levita Eleazar e o l\u00edder da tribo Jud\u00e1 Calebe, Josu\u00e9 tem que cumprir uma dif\u00edcil miss\u00e3o ordenada por Deus: comandar as doze tribos de Israel na conquista de Cana\u00e3, \u201cA Terra Prometida\u201d.<\/p>\n","protected":false},"excerpt":{"rendered":"<p>Novela \u201cA Terra Prometida\u201d resumo 03\/08: no capitulo 008 (*) da novela \u201cA Terra Prometida\u201d, sexta-feira, 03 de agosto, assustado, Josu\u00e9 acorda do pesadelo. Tibar encontra Liora e avisa que lhe dar\u00e1 um castigo. Em conversa com Noemi, Calebe alerta sobre a responsabilidade que Josu\u00e9 carrega. Sem conseguir dormir, Aruna se lembra das humilha\u00e7\u00f5es de [&hellip;]<\/p>\n","protected":false},"author":2,"featured_media":89446,"comment_status":"open","ping_status":"closed","sticky":false,"template":"","format":"standard","meta":{"tdm_status":"","tdm_grid_status":"","footnotes":""},"categories":[446,379,371,343],"tags":[441],"class_list":{"0":"post-147657","1":"post","2":"type-post","3":"status-publish","4":"format-standard","5":"has-post-thumbnail","7":"category-a-terra-prometida","8":"category-novelas","9":"category-rede-record","10":"category-televisao","11":"tag-resumo-do-dia"},"_links":{"self":[{"href":"https:\/\/migracao.redenoticia.com.br\/noticia\/wp-json\/wp\/v2\/posts\/147657","targetHints":{"allow":["GET"]}}],"collection":[{"href":"https:\/\/migracao.redenoticia.com.br\/noticia\/wp-json\/wp\/v2\/posts"}],"about":[{"href":"https:\/\/migracao.redenoticia.com.br\/noticia\/wp-json\/wp\/v2\/types\/post"}],"author":[{"embeddable":true,"href":"https:\/\/migracao.redenoticia.com.br\/noticia\/wp-json\/wp\/v2\/users\/2"}],"replies":[{"embeddable":true,"href":"https:\/\/migracao.redenoticia.com.br\/noticia\/wp-json\/wp\/v2\/comments?post=147657"}],"version-history":[{"count":0,"href":"https:\/\/migracao.redenoticia.com.br\/noticia\/wp-json\/wp\/v2\/posts\/147657\/revisions"}],"wp:featuredmedia":[{"embeddable":true,"href":"https:\/\/migracao.redenoticia.com.br\/noticia\/wp-json\/wp\/v2\/media\/89446"}],"wp:attachment":[{"href":"https:\/\/migracao.redenoticia.com.br\/noticia\/wp-json\/wp\/v2\/media?parent=147657"}],"wp:term":[{"taxonomy":"category","embeddable":true,"href":"https:\/\/migracao.redenoticia.com.br\/noticia\/wp-json\/wp\/v2\/categories?post=147657"},{"taxonomy":"post_tag","embeddable":true,"href":"https:\/\/migracao.redenoticia.com.br\/noticia\/wp-json\/wp\/v2\/tags?post=147657"}],"curies":[{"name":"wp","href":"https:\/\/api.w.org\/{rel}","templated":true}]}}