{"id":1477,"date":"2009-05-09T23:35:42","date_gmt":"2009-05-10T03:35:42","guid":{"rendered":"http:\/\/www.redenoticia.com.br\/noticia\/?p=1477"},"modified":"2009-05-09T20:38:05","modified_gmt":"2009-05-10T00:38:05","slug":"unir-nao-aprova-vestibular-aderido-por-25-universidades","status":"publish","type":"post","link":"https:\/\/migracao.redenoticia.com.br\/noticia\/2009\/unir-nao-aprova-vestibular-aderido-por-25-universidades\/1477","title":{"rendered":"UNIR n\u00e3o aprova vestibular aderido por 25 universidades"},"content":{"rendered":"<p class=\"MsoNormal\" style=\"background: #f7f7f7 none repeat scroll 0%; line-height: 13.5pt;\"><span style=\"font-family: Arial;\">A UNIR n\u00e3o vai aderir ao novo ENEN, que poderia substituir o vestibular tradicional avaliando o desempenho de estudantes durante o ensino m\u00e9dio, em decorr\u00eancia das desigualdades de ensino na regi\u00e3o com os grandes centros. Na avalia\u00e7\u00e3o da UNIR, estudantes de fora do Estado poderia ocupar todas as vagas abertas em Rond\u00f4nia, isso porque qualquer interessado do pa\u00eds poderia requerer vaga na Universidade local. <strong><\/strong><\/span><\/p>\n<p><span style=\"font-family: Arial;\">Pelo menos 25 das 55 universidades federais v\u00e3o aderir ao novo Exame Nacional do Ensino M\u00e9dio (Enem) em substitui\u00e7\u00e3o total ou parcial aos seus vestibulares tradicionais, segundo levantamento realizado pela <strong>Ag\u00eancia Brasil<\/strong>.<\/p>\n<p>O prazo inicial definido pela Secretaria de Ensino Superior para que as institui\u00e7\u00f5es definissem suas ades\u00f5es terminou ontem (8). Mas o ministro da Educa\u00e7\u00e3o, Fernando <a href=\"http:\/\/www.agenciabrasil.gov.br\/noticias\/2009\/05\/08\/materia.2009-05-08.9077656402\/view\" target=\"_self\">Haddad,<\/a> disse que as discuss\u00f5es devem se estender at\u00e9 o fim de maio.<\/p>\n<p>Durante o m\u00eas de abril, o ministro da Educa\u00e7\u00e3o participou de diversas <a href=\"http:\/\/www.agenciabrasil.gov.br\/noticias\/2009\/04\/28\/materia.2009-04-28.7299482383\/view\" target=\"_self\">reuni\u00f5es<\/a> com os reitores das institui\u00e7\u00f5es e com o comit\u00ea de governan\u00e7a respons\u00e1vel pela cria\u00e7\u00e3o do novo modelo.<\/p>\n<p>A <a href=\"http:\/\/www.agenciabrasil.gov.br\/noticias\/2009\/03\/25\/materia.2009-03-25.4362458185\/view\" target=\"_self\">proposta<\/a> apresentada pelo MEC no fim de mar\u00e7o era de que o Enem substitu\u00edsse os vestibulares em todas as universidades federais. Como as institui\u00e7\u00f5es t\u00eam autonomia para organizar seus processo seletivos, o projeto foi levado \u00e0 comunidade acad\u00eamica e aos conselhos. Muitas universidades continuam debatendo a proposta e ainda n\u00e3o t\u00eam um posicionamento.<\/p>\n<p>Numa reuni\u00e3o com os governadores do Nordeste, Haddad disse que o n\u00famero de universidades que j\u00e1 aderiram ao novo vestibular superou a previs\u00e3o inicial do MEC. O minist\u00e9rio apresentou quatro op\u00e7\u00f5es de ades\u00e3o \u00e0s institui\u00e7\u00f5es. Elas poder\u00e3o utilizar o Enem como prova \u00fanica; como uma primeira fase, ficando a segunda \u00e0 cargo da institui\u00e7\u00e3o; combinando a nota do Enem \u00e0 do vestibular tradicional ou para sele\u00e7\u00e3o de estudantes para vagas remanescentes.<\/p>\n<p>As provas do novo Enem est\u00e3o marcadas para 3 e 4 de outubro. Os estudantes que quiserem se candidatar \u00e0s vagas de uma das institui\u00e7\u00f5es participantes devem necessariamente participar do exame. Os prazos de inscri\u00e7\u00e3o ainda n\u00e3o foram divulgados pelo MEC. <\/span><\/p>\n<p><span class=\"assinatura11\"><span style=\"font-size: 8.5pt; font-family: Arial;\">Amanda Cieglinski <\/span><\/span><span style=\"font-size: 12pt; font-family: Arial;\"><br \/>\n<\/span><span class=\"assinatura11\"><em><span style=\"font-size: 8.5pt; font-family: Arial;\">Rep\u00f3rter da Ag\u00eancia Brasil<\/span><\/em><\/span><span class=\"assinatura11\"><span style=\"font-size: 8.5pt; font-family: Arial;\"> <\/span><\/span><\/p>\n","protected":false},"excerpt":{"rendered":"<p>A UNIR n\u00e3o vai aderir ao novo ENEN, que poderia substituir o vestibular tradicional avaliando o desempenho de estudantes durante o ensino m\u00e9dio, em decorr\u00eancia das desigualdades de ensino na regi\u00e3o com os grandes centros. Na avalia\u00e7\u00e3o da UNIR, estudantes de fora do Estado poderia ocupar todas as vagas abertas em Rond\u00f4nia, isso porque qualquer [&hellip;]<\/p>\n","protected":false},"author":3,"featured_media":0,"comment_status":"open","ping_status":"open","sticky":false,"template":"","format":"standard","meta":{"tdm_status":"","tdm_grid_status":"","footnotes":""},"categories":[22],"tags":[],"class_list":{"0":"post-1477","1":"post","2":"type-post","3":"status-publish","4":"format-standard","6":"category-brasil"},"_links":{"self":[{"href":"https:\/\/migracao.redenoticia.com.br\/noticia\/wp-json\/wp\/v2\/posts\/1477","targetHints":{"allow":["GET"]}}],"collection":[{"href":"https:\/\/migracao.redenoticia.com.br\/noticia\/wp-json\/wp\/v2\/posts"}],"about":[{"href":"https:\/\/migracao.redenoticia.com.br\/noticia\/wp-json\/wp\/v2\/types\/post"}],"author":[{"embeddable":true,"href":"https:\/\/migracao.redenoticia.com.br\/noticia\/wp-json\/wp\/v2\/users\/3"}],"replies":[{"embeddable":true,"href":"https:\/\/migracao.redenoticia.com.br\/noticia\/wp-json\/wp\/v2\/comments?post=1477"}],"version-history":[{"count":0,"href":"https:\/\/migracao.redenoticia.com.br\/noticia\/wp-json\/wp\/v2\/posts\/1477\/revisions"}],"wp:attachment":[{"href":"https:\/\/migracao.redenoticia.com.br\/noticia\/wp-json\/wp\/v2\/media?parent=1477"}],"wp:term":[{"taxonomy":"category","embeddable":true,"href":"https:\/\/migracao.redenoticia.com.br\/noticia\/wp-json\/wp\/v2\/categories?post=1477"},{"taxonomy":"post_tag","embeddable":true,"href":"https:\/\/migracao.redenoticia.com.br\/noticia\/wp-json\/wp\/v2\/tags?post=1477"}],"curies":[{"name":"wp","href":"https:\/\/api.w.org\/{rel}","templated":true}]}}