{"id":147867,"date":"2018-08-04T16:01:45","date_gmt":"2018-08-04T19:01:45","guid":{"rendered":"https:\/\/www.redenoticia.com.br\/noticia\/?p=147805"},"modified":"2018-08-04T16:01:45","modified_gmt":"2018-08-04T19:01:45","slug":"resumo-novela-o-tempo-nao-para-06-08-marocas-se-surpreende-ao-ver-a-cidade","status":"publish","type":"post","link":"https:\/\/migracao.redenoticia.com.br\/noticia\/2018\/resumo-novela-o-tempo-nao-para-06-08-marocas-se-surpreende-ao-ver-a-cidade\/147867","title":{"rendered":"Resumo novela \u201cO Tempo N\u00e3o Para\u201d 06\/08: Marocas se surpreende ao ver a cidade"},"content":{"rendered":"<p> <img loading=\"lazy\" decoding=\"async\" src=\"https:\/\/migracao.redenoticia.com.br\/noticia\/imagens\/o-tempo-nao-para-novela-resumo-globo-150x112.jpg\" alt=\"\" width=\"150\" height=\"112\" class=\"alignleft size-thumbnail wp-image-146653\" srcset=\"https:\/\/migracao.redenoticia.com.br\/noticia\/imagens\/o-tempo-nao-para-novela-resumo-globo-150x112.jpg 150w, https:\/\/migracao.redenoticia.com.br\/noticia\/imagens\/o-tempo-nao-para-novela-resumo-globo-265x198.jpg 265w\" sizes=\"auto, (max-width: 150px) 100vw, 150px\" \/><strong><em>Resumo novela \u201cO Tempo N\u00e3o Para\u201d 06\/08 <\/em><\/strong>: no cap\u00edtulo 006(*) da novela \u201cO Tempo N\u00e3o Para\u201d, resumo segunda-feira, 06 de agosto, Marocas se tranquiliza na presen\u00e7a de Carmen. Dom Sabino fica fascinado com a cidade. Dom Sabino pede para Eliseu lev\u00e1-lo at\u00e9 sua fam\u00edlia. Samuca pede que Carmen durma em sua casa e ela avisa a Lal\u00e1. Marciana tira Vera L\u00facia do baile funk. <\/p>\n<p>Coronela reclama do barulho do baile. Elmo aparece no quarto de Waleska. Betina afirma a Mariacarla que Marocas \u00e9 uma golpista. Vera L\u00facia sai de casa escondida para encontrar Lal\u00e1. Samuca vela o sono de Marocas, que reage enfurecida ao acordar. Betina hostiliza Marocas e Carmen critica sua atitude. Eliseu tenta n\u00e3o contrariar Dom Sabino. Diante da janela, Marocas se surpreende ao ver a cidade de S\u00e3o Paulo.<\/p>\n<p>(*) edi\u00e7\u00e3o da Rede Globo, Novela \u201cO Tempo N\u00e3o Para\u201d, sujeito a altera\u00e7\u00e3o de data e conte\u00fado.<\/p>\n<p>Anos de avan\u00e7os e descobertas que moldaram costumes, h\u00e1bitos e linguagens da sociedade contempor\u00e2nea v\u00e3o gerar um choque em uma abastada fam\u00edlia do s\u00e9culo XIX que desperta no s\u00e9culo XXI. Por 132 anos, os Sabino Machado e seus agregados ficaram congelados, dentro de um bloco de gelo, enquanto a vida l\u00e1 fora passava. Agora, v\u00e3o despertar em uma S\u00e3o Paulo pulsante e turbulenta e se deparar com a sociedade em pleno 2018. &#8220;O Tempo N\u00e3o Para&#8221;, nova novela das 7, \u00e9 escrita por Mario Teixeira e tem dire\u00e7\u00e3o art\u00edstica de Leonardo Nogueira.<\/p>\n","protected":false},"excerpt":{"rendered":"<p>Resumo novela \u201cO Tempo N\u00e3o Para\u201d 06\/08 : no cap\u00edtulo 006(*) da novela \u201cO Tempo N\u00e3o Para\u201d, resumo segunda-feira, 06 de agosto, Marocas se tranquiliza na presen\u00e7a de Carmen. Dom Sabino fica fascinado com a cidade. Dom Sabino pede para Eliseu lev\u00e1-lo at\u00e9 sua fam\u00edlia. Samuca pede que Carmen durma em sua casa e ela [&hellip;]<\/p>\n","protected":false},"author":2,"featured_media":147269,"comment_status":"open","ping_status":"closed","sticky":false,"template":"","format":"standard","meta":{"tdm_status":"","tdm_grid_status":"","footnotes":""},"categories":[379,490,375,343],"tags":[441],"class_list":{"0":"post-147867","1":"post","2":"type-post","3":"status-publish","4":"format-standard","5":"has-post-thumbnail","7":"category-novelas","8":"category-o-tempo-nao-para","9":"category-rede-globo","10":"category-televisao","11":"tag-resumo-do-dia"},"_links":{"self":[{"href":"https:\/\/migracao.redenoticia.com.br\/noticia\/wp-json\/wp\/v2\/posts\/147867","targetHints":{"allow":["GET"]}}],"collection":[{"href":"https:\/\/migracao.redenoticia.com.br\/noticia\/wp-json\/wp\/v2\/posts"}],"about":[{"href":"https:\/\/migracao.redenoticia.com.br\/noticia\/wp-json\/wp\/v2\/types\/post"}],"author":[{"embeddable":true,"href":"https:\/\/migracao.redenoticia.com.br\/noticia\/wp-json\/wp\/v2\/users\/2"}],"replies":[{"embeddable":true,"href":"https:\/\/migracao.redenoticia.com.br\/noticia\/wp-json\/wp\/v2\/comments?post=147867"}],"version-history":[{"count":0,"href":"https:\/\/migracao.redenoticia.com.br\/noticia\/wp-json\/wp\/v2\/posts\/147867\/revisions"}],"wp:featuredmedia":[{"embeddable":true,"href":"https:\/\/migracao.redenoticia.com.br\/noticia\/wp-json\/wp\/v2\/media\/147269"}],"wp:attachment":[{"href":"https:\/\/migracao.redenoticia.com.br\/noticia\/wp-json\/wp\/v2\/media?parent=147867"}],"wp:term":[{"taxonomy":"category","embeddable":true,"href":"https:\/\/migracao.redenoticia.com.br\/noticia\/wp-json\/wp\/v2\/categories?post=147867"},{"taxonomy":"post_tag","embeddable":true,"href":"https:\/\/migracao.redenoticia.com.br\/noticia\/wp-json\/wp\/v2\/tags?post=147867"}],"curies":[{"name":"wp","href":"https:\/\/api.w.org\/{rel}","templated":true}]}}