{"id":147869,"date":"2018-08-10T00:41:30","date_gmt":"2018-08-10T03:41:30","guid":{"rendered":"https:\/\/www.redenoticia.com.br\/noticia\/?p=147813"},"modified":"2018-08-13T20:11:55","modified_gmt":"2018-08-13T23:11:55","slug":"novela-luz-do-sol-resumo-13-08-mascarados-vasculham-o-apartamento-de-marcelo","status":"publish","type":"post","link":"https:\/\/migracao.redenoticia.com.br\/noticia\/2018\/novela-luz-do-sol-resumo-13-08-mascarados-vasculham-o-apartamento-de-marcelo\/147869","title":{"rendered":"Novela \u201cLuz do Sol\u201d resumo 13\/08: mascarados vasculham o apartamento de Marcelo"},"content":{"rendered":"<p> <img loading=\"lazy\" decoding=\"async\" class=\"alignleft size-thumbnail wp-image-131397\" src=\"https:\/\/migracao.redenoticia.com.br\/noticia\/imagens\/luz-do-sol-resumo-novela-record-150x112.jpg\" alt=\"\" width=\"150\" height=\"112\" srcset=\"https:\/\/migracao.redenoticia.com.br\/noticia\/imagens\/luz-do-sol-resumo-novela-record-150x112.jpg 150w, https:\/\/migracao.redenoticia.com.br\/noticia\/imagens\/luz-do-sol-resumo-novela-record-265x198.jpg 265w\" sizes=\"auto, (max-width: 150px) 100vw, 150px\" \/><strong><em>Novela \u201cLuz do Sol\u201d resumo 13\/08<\/em><\/strong>: no capitulo 151 (*) da novela \u201cLuz do Sol\u201d, segunda-feira, 13 de agosto, Bernardo e Vicente decidem, em segredo, tirar Drica do abrigo, mesmo sem ordem judicial, e ela recebe um bilhete de Bernardo avisando que ir\u00e1 resgat\u00e1-la. Pedro tira satisfa\u00e7\u00f5es com Isabela sobre o exame falso de DNA, perguntando por que ela n\u00e3o contou que Lorena tamb\u00e9m sabia de tudo. Dois mascarados chegam de surpresa ao apartamento de Marcelo e amarram Yvonne e Belquiss \u00e0 for\u00e7a. Enviados por Lorena, dois bandidos ateiam fogo no abrigo.<\/p>\n<p>Lorena e Valadares acompanham not\u00edcia na TV a respeito de um inc\u00eandio num abrigo para menores em Jacarepagu\u00e1 e Lorena fica possessa ao saber que todas as meninas foram transferidas a tempo. Enquanto Belquiss e Yvonne est\u00e3o amorda\u00e7adas, dois mascarados vasculham o apartamento de Marcelo. Isabela assiste aflita \u00e0 not\u00edcia sobre o inc\u00eandio no abrigo para menores. Quando ela come\u00e7a a contar sobre o que acabou de ver na TV para Stella e Maria Eug\u00eania, Bernardo e Vicente chegam com Drica e Isabela fica aliviada. Drica fica muito assustada ao saber do inc\u00eandio no abrigo. Bernardo desconfia que o inc\u00eandio n\u00e3o tenha sido um mero acidente.<\/p>\n<p>Drica explica \u00e0 fam\u00edlia que mudou seu comportamento depois que viu o resultado do falso exame de DNA e pede desculpas a todos por tudo o que fez. William, Freddy e Leonardo decidem tentar descobrir quem \u00e9 o mandante por tr\u00e1s da tal Dona Neuza que entregou o exame falso de DNA para Drica. Marcelo encontra Belquiss e Yvonne amarradas e descobre que estiveram revirando sua casa atr\u00e1s de um envelope. <\/p>\n<p>(*) edi\u00e7\u00e3o da Rede Record, Novela \u201cLuz do Sol\u201d, sujeito a altera\u00e7\u00e3o de data e conte\u00fado.<\/p>\n<p>Luz do Sol \u00e9 uma telenovela brasileira produzida pela RecordTV e exibida originalmente entre 21 de mar\u00e7o e 20 de novembro de 2007, em 210 epis\u00f3dios. \u00c9 uma obra representativa na hist\u00f3ria da teledramaturgia da emissora n\u00e3o apenas por isso, mas por ter sido a primeira novela escrita por Ana Maria Moretzsohn para a Record, trazendo a colabora\u00e7\u00e3o de texto de Gustavo Reiz, Ana Clara Santiago, Emilio Boechat e Denise Crispun, com dire\u00e7\u00e3o de Ivan Zettel, F\u00e1bio Junqueira e Jos\u00e9 Carlos Pieri, sob dire\u00e7\u00e3o geral de Ivan Zettel.<\/p>\n<p>Luma Costa interpreta a protagonista, Drica, que foi sequestrada misteriosamente durante sua festa de cinco anos e apareceu afogada em uma praia de pescadores, no qual foi criada sob o nome de Maria Rosa com uma vida humilde. Lu\u00edza Tom\u00e9 e Giuseppe Orist\u00e2nio interpretam os pais biol\u00f3gicos da garota, sendo que enquanto ele desistiu da busca da filha ap\u00f3s 11 anos, ela nunca deixou de busc\u00e1-la, o que acabou ruindo com seu casamento. Patr\u00edcia Fran\u00e7a e Leonardo Br\u00edcio interpretam os pais adotivos de Drica, que criaram-na como filha, sem terem lhe contaram a verdade. Thiago Gagliasso, Paloma Duarte, Petr\u00f4nio Gontijo, Juliana Silveira, Bete Coelho, Floriano Peixoto, Karen Marinho e Let\u00edcia Colin interpretam os demais pap\u00e9is centrais da trama.<\/p>\n","protected":false},"excerpt":{"rendered":"<p>Novela \u201cLuz do Sol\u201d resumo 13\/08: no capitulo 151 (*) da novela \u201cLuz do Sol\u201d, segunda-feira, 13 de agosto, Bernardo e Vicente decidem, em segredo, tirar Drica do abrigo, mesmo sem ordem judicial, e ela recebe um bilhete de Bernardo avisando que ir\u00e1 resgat\u00e1-la. Pedro tira satisfa\u00e7\u00f5es com Isabela sobre o exame falso de DNA, [&hellip;]<\/p>\n","protected":false},"author":2,"featured_media":148141,"comment_status":"open","ping_status":"closed","sticky":false,"template":"","format":"standard","meta":{"tdm_status":"","tdm_grid_status":"","footnotes":""},"categories":[379,371,343],"tags":[441],"class_list":{"0":"post-147869","1":"post","2":"type-post","3":"status-publish","4":"format-standard","5":"has-post-thumbnail","7":"category-novelas","8":"category-rede-record","9":"category-televisao","10":"tag-resumo-do-dia"},"_links":{"self":[{"href":"https:\/\/migracao.redenoticia.com.br\/noticia\/wp-json\/wp\/v2\/posts\/147869","targetHints":{"allow":["GET"]}}],"collection":[{"href":"https:\/\/migracao.redenoticia.com.br\/noticia\/wp-json\/wp\/v2\/posts"}],"about":[{"href":"https:\/\/migracao.redenoticia.com.br\/noticia\/wp-json\/wp\/v2\/types\/post"}],"author":[{"embeddable":true,"href":"https:\/\/migracao.redenoticia.com.br\/noticia\/wp-json\/wp\/v2\/users\/2"}],"replies":[{"embeddable":true,"href":"https:\/\/migracao.redenoticia.com.br\/noticia\/wp-json\/wp\/v2\/comments?post=147869"}],"version-history":[{"count":0,"href":"https:\/\/migracao.redenoticia.com.br\/noticia\/wp-json\/wp\/v2\/posts\/147869\/revisions"}],"wp:featuredmedia":[{"embeddable":true,"href":"https:\/\/migracao.redenoticia.com.br\/noticia\/wp-json\/wp\/v2\/media\/148141"}],"wp:attachment":[{"href":"https:\/\/migracao.redenoticia.com.br\/noticia\/wp-json\/wp\/v2\/media?parent=147869"}],"wp:term":[{"taxonomy":"category","embeddable":true,"href":"https:\/\/migracao.redenoticia.com.br\/noticia\/wp-json\/wp\/v2\/categories?post=147869"},{"taxonomy":"post_tag","embeddable":true,"href":"https:\/\/migracao.redenoticia.com.br\/noticia\/wp-json\/wp\/v2\/tags?post=147869"}],"curies":[{"name":"wp","href":"https:\/\/api.w.org\/{rel}","templated":true}]}}