{"id":147872,"date":"2018-08-05T21:53:12","date_gmt":"2018-08-06T00:53:12","guid":{"rendered":"https:\/\/www.redenoticia.com.br\/noticia\/?p=147839"},"modified":"2018-08-07T16:43:28","modified_gmt":"2018-08-07T19:43:28","slug":"novela-luz-do-sol-resumo-07-08-georgi-avisa-ao-pai-que-vai-morar-com-os-avos","status":"publish","type":"post","link":"https:\/\/migracao.redenoticia.com.br\/noticia\/2018\/novela-luz-do-sol-resumo-07-08-georgi-avisa-ao-pai-que-vai-morar-com-os-avos\/147872","title":{"rendered":"Novela \u201cLuz do Sol\u201d resumo 07\/08: Georgi avisa ao pai que vai morar com os av\u00f3s"},"content":{"rendered":"<p> <img loading=\"lazy\" decoding=\"async\" class=\"alignleft size-thumbnail wp-image-131397\" src=\"https:\/\/migracao.redenoticia.com.br\/noticia\/imagens\/luz-do-sol-resumo-novela-record-150x112.jpg\" alt=\"\" width=\"150\" height=\"112\" srcset=\"https:\/\/migracao.redenoticia.com.br\/noticia\/imagens\/luz-do-sol-resumo-novela-record-150x112.jpg 150w, https:\/\/migracao.redenoticia.com.br\/noticia\/imagens\/luz-do-sol-resumo-novela-record-265x198.jpg 265w\" sizes=\"auto, (max-width: 150px) 100vw, 150px\" \/><strong><em>Novela \u201cLuz do Sol\u201d resumo 07\/08<\/em><\/strong>: no capitulo 147 (*) da novela \u201cLuz do Sol\u201d, ter\u00e7a-feira, 07 de agosto, Laura revela a Zoe que Leonardo comentou que estava pensando em se casar com ela, deixando Zo\u00e9 confusa. Juarez descobre que Stella sumiu e alerta Leonardo e Maria Eug\u00eania. Georgi diz a Tom que j\u00e1 tem uma solu\u00e7\u00e3o para que ele e Ver\u00f4nica possam ficar juntos. Zo\u00e9 se oferece para ficar com as meninas na aus\u00eancia de Cl\u00e9o. Stella anda pela cidade \u00e0 procura de Drica. <\/p>\n<p>Stella mostra uma foto de Drica para meninas de rua. Georgi avisa ao pai que vai morar com os av\u00f3s at\u00e9 completar 18 anos, para que ele possa se casar com Ver\u00f4nica. A cantora muda agarra foto de Drica e sai correndo, e Stella procura ajuda de Marcelo para encontr\u00e1-la. Hel\u00f4 fica indignada ao saber que a m\u00e3e quer ir embora para viver com Xico no exterior. Ver\u00f4nica interrompe a conversa entre Georgi e Tom e diz que n\u00e3o faz mais quest\u00e3o de se casar com Rodrigo Ot\u00e1vio, e pede que ele a ajude a terminar o relacionamento. Isabela tem crise de choro e \u00e9 consolada por Vicente, entregando-se ao seu carinho. Laura aconselha Leonardo a perdoar Zo\u00e9. A fam\u00edlia fica em d\u00favida se revela ou n\u00e3o para a imprensa sobre o sumi\u00e7o de Drica. Milena quer convencer Pedro a buscar o dinheiro da venda do estaleiro no exterior, mas ele se recusa.<\/p>\n<p>Drica descobre que Cantora est\u00e1 com uma foto sua e pede que as companheiras do abrigo a ajudem a resgatar a foto das m\u00e3os da cantora. Ver\u00f4nica pede ajuda aos amigos para conseguir dispensar Rodrigo Ot\u00e1vio. Nina conta para Pedro que est\u00e1 sendo assediada por um f\u00e3 desajustado. Rick vai \u00e0 casa de Laura e joga charme para ela. Tom e Ver\u00f4nica passam a noite juntos e matam a saudade. Rodrigo Ot\u00e1vio vai procurar Ver\u00f4nica no apartamento dela. Drica resgata a foto e a destr\u00f3i. <\/p>\n<p>(*) edi\u00e7\u00e3o da Rede Record, Novela \u201cLuz do Sol\u201d, sujeito a altera\u00e7\u00e3o de data e conte\u00fado.<\/p>\n<p>Luz do Sol \u00e9 uma telenovela brasileira produzida pela RecordTV e exibida originalmente entre 21 de mar\u00e7o e 20 de novembro de 2007, em 210 epis\u00f3dios. \u00c9 uma obra representativa na hist\u00f3ria da teledramaturgia da emissora n\u00e3o apenas por isso, mas por ter sido a primeira novela escrita por Ana Maria Moretzsohn para a Record, trazendo a colabora\u00e7\u00e3o de texto de Gustavo Reiz, Ana Clara Santiago, Emilio Boechat e Denise Crispun, com dire\u00e7\u00e3o de Ivan Zettel, F\u00e1bio Junqueira e Jos\u00e9 Carlos Pieri, sob dire\u00e7\u00e3o geral de Ivan Zettel.<\/p>\n<p>Luma Costa interpreta a protagonista, Drica, que foi sequestrada misteriosamente durante sua festa de cinco anos e apareceu afogada em uma praia de pescadores, no qual foi criada sob o nome de Maria Rosa com uma vida humilde. Lu\u00edza Tom\u00e9 e Giuseppe Orist\u00e2nio interpretam os pais biol\u00f3gicos da garota, sendo que enquanto ele desistiu da busca da filha ap\u00f3s 11 anos, ela nunca deixou de busc\u00e1-la, o que acabou ruindo com seu casamento. Patr\u00edcia Fran\u00e7a e Leonardo Br\u00edcio interpretam os pais adotivos de Drica, que criaram-na como filha, sem terem lhe contaram a verdade. Thiago Gagliasso, Paloma Duarte, Petr\u00f4nio Gontijo, Juliana Silveira, Bete Coelho, Floriano Peixoto, Karen Marinho e Let\u00edcia Colin interpretam os demais pap\u00e9is centrais da trama.<\/p>\n","protected":false},"excerpt":{"rendered":"<p>Novela \u201cLuz do Sol\u201d resumo 07\/08: no capitulo 147 (*) da novela \u201cLuz do Sol\u201d, ter\u00e7a-feira, 07 de agosto, Laura revela a Zoe que Leonardo comentou que estava pensando em se casar com ela, deixando Zo\u00e9 confusa. Juarez descobre que Stella sumiu e alerta Leonardo e Maria Eug\u00eania. Georgi diz a Tom que j\u00e1 tem [&hellip;]<\/p>\n","protected":false},"author":2,"featured_media":131397,"comment_status":"open","ping_status":"closed","sticky":false,"template":"","format":"standard","meta":{"tdm_status":"","tdm_grid_status":"","footnotes":""},"categories":[379,371,343],"tags":[441],"class_list":{"0":"post-147872","1":"post","2":"type-post","3":"status-publish","4":"format-standard","5":"has-post-thumbnail","7":"category-novelas","8":"category-rede-record","9":"category-televisao","10":"tag-resumo-do-dia"},"_links":{"self":[{"href":"https:\/\/migracao.redenoticia.com.br\/noticia\/wp-json\/wp\/v2\/posts\/147872","targetHints":{"allow":["GET"]}}],"collection":[{"href":"https:\/\/migracao.redenoticia.com.br\/noticia\/wp-json\/wp\/v2\/posts"}],"about":[{"href":"https:\/\/migracao.redenoticia.com.br\/noticia\/wp-json\/wp\/v2\/types\/post"}],"author":[{"embeddable":true,"href":"https:\/\/migracao.redenoticia.com.br\/noticia\/wp-json\/wp\/v2\/users\/2"}],"replies":[{"embeddable":true,"href":"https:\/\/migracao.redenoticia.com.br\/noticia\/wp-json\/wp\/v2\/comments?post=147872"}],"version-history":[{"count":0,"href":"https:\/\/migracao.redenoticia.com.br\/noticia\/wp-json\/wp\/v2\/posts\/147872\/revisions"}],"wp:featuredmedia":[{"embeddable":true,"href":"https:\/\/migracao.redenoticia.com.br\/noticia\/wp-json\/wp\/v2\/media\/131397"}],"wp:attachment":[{"href":"https:\/\/migracao.redenoticia.com.br\/noticia\/wp-json\/wp\/v2\/media?parent=147872"}],"wp:term":[{"taxonomy":"category","embeddable":true,"href":"https:\/\/migracao.redenoticia.com.br\/noticia\/wp-json\/wp\/v2\/categories?post=147872"},{"taxonomy":"post_tag","embeddable":true,"href":"https:\/\/migracao.redenoticia.com.br\/noticia\/wp-json\/wp\/v2\/tags?post=147872"}],"curies":[{"name":"wp","href":"https:\/\/api.w.org\/{rel}","templated":true}]}}