{"id":147874,"date":"2018-08-05T21:56:22","date_gmt":"2018-08-06T00:56:22","guid":{"rendered":"https:\/\/www.redenoticia.com.br\/noticia\/?p=147843"},"modified":"2018-08-07T20:49:17","modified_gmt":"2018-08-07T23:49:17","slug":"novela-a-terra-prometida-resumo-07-08-eloi-conversa-com-iona-e-faz-elogios-a-aruna","status":"publish","type":"post","link":"https:\/\/migracao.redenoticia.com.br\/noticia\/2018\/novela-a-terra-prometida-resumo-07-08-eloi-conversa-com-iona-e-faz-elogios-a-aruna\/147874","title":{"rendered":"Novela \u201cA Terra Prometida\u201d resumo 07\/08: El\u00f3i conversa com Ion\u00e1 e faz elogios \u00e0 Aruna"},"content":{"rendered":"<p> <img loading=\"lazy\" decoding=\"async\" class=\"alignleft size-thumbnail wp-image-89446\" src=\"https:\/\/migracao.redenoticia.com.br\/noticia\/imagens\/a-terra-prometida-novela-record-resumo-150x112.jpg\" alt=\"\" width=\"150\" height=\"112\" srcset=\"https:\/\/migracao.redenoticia.com.br\/noticia\/imagens\/a-terra-prometida-novela-record-resumo-150x112.jpg 150w, https:\/\/migracao.redenoticia.com.br\/noticia\/imagens\/a-terra-prometida-novela-record-resumo-265x198.jpg 265w\" sizes=\"auto, (max-width: 150px) 100vw, 150px\" \/><em><strong>Novela \u201cA Terra Prometida\u201d resumo 07\/08<\/strong><\/em>: no capitulo 010 (*) da novela \u201cA Terra Prometida\u201d, ter\u00e7a-feira, 07 de agosto, Tibar liberta Raabe. Ela pede para continuar presa ao lado de Nob\u00e1, mas \u00e9 expulsa do pal\u00e1cio. Liora ampara a amiga. Alguns hebreus limpam e reconstroem a tenda de Quemuel. O l\u00edder tribal agradece a Josu\u00e9. Dissimulada, Samara se desculpa com o guerreiro. Aruna avista a conversa dos dois de longe e fica um pouco incomodada. Kalesi reclama da atitude do rei Durgal em chegar sem avisar. O rei estrangeiro entra na sala do trono e presenteia os soberanos de Jeric\u00f3. Durgal oferece Zuma, um bravo guerreiro N\u00fabio, ao rei Marek.<\/p>\n<p>O lutador exibe sua for\u00e7a na frente de todos. Marek pede aos soldados para prepararem um combate para testar o presente. Josu\u00e9 orienta Iru e Salmon para a infiltra\u00e7\u00e3o em Jeric\u00f3. Iru diz que a miss\u00e3o ser\u00e1 f\u00e1cil. Josu\u00e9 e Calebe o repreendem. Eles avisam que os espi\u00f5es precisar\u00e3o estar disfar\u00e7ados para que tudo d\u00ea certo. J\u00e9ssica alerta Salmon sobre o perigo da miss\u00e3o. Em conversa com L\u00e9ia, Samara faz planos ao lado de Josu\u00e9. El\u00f3i elogia a conduta de Aruna. Liora aconselha Raabe a tirar proveito da paix\u00e3o que Tibar sente por ela. Zuma e Muralha lutam para satisfazer Marek e outros nobres no pal\u00e1cio. O rei vibra com a vit\u00f3ria do novo guerreiro Zuma. Tibar, Marek e o rei Durgal comentam sobre as proezas dos hebreus. Marek manda Tibar atravessar o rio Jord\u00e3o para descobrir os planos do ex\u00e9rcito de Israel. J\u00e9ssica discute com Salmon. Ela diz que ele a perder\u00e1 caso siga na miss\u00e3o. Samara flagra Josu\u00e9 elogiando Aruna. Na estalagem, Raabe dan\u00e7a e seduz Tibar. Ela finge sentir ci\u00fames do comandante, que acaba acreditando. <\/p>\n<p>Samara conversa com L\u00e9ia e diz que viu Josu\u00e9 elogiando Aruna. Isaque e Tem\u00e1 disputam uma dan\u00e7a com Ad\u00e9lia. A mo\u00e7a avisa que ficar\u00e1 solteira at\u00e9 sua irm\u00e3, Nezi\u00e1, conseguir se casar. Josu\u00e9 avisa a Pedael que os espi\u00f5es precisar\u00e3o de um bom disfarce. Eles escolhem roupas de mercadores de pele. Ac\u00e3, Melquias e Gibar se mostram ambiciosos com as riquezas que poder\u00e3o encontrar em Jeric\u00f3. Iru provoca Maquir e Livana tenta aliviar a tens\u00e3o. El\u00f3i conversa com Ion\u00e1 e faz elogios \u00e0 Aruna. Quemuel discute com L\u00e9ia e pede para a esposa esquecer o passado. Amanhece no acampamento de Sitim. Sorrateiros, Tibar e Kadmo atacam dois soldados hebreus.  <\/p>\n<p>(*) edi\u00e7\u00e3o da Rede Record, Novela \u201cA Terra Prometida\u201d, sujeito a altera\u00e7\u00e3o de data e conte\u00fado.<\/p>\n<p>\u201cA Terra Prometida\u201d &#8211; Ap\u00f3s a morte de Mois\u00e9s, Josu\u00e9 \u00e9 o novo l\u00edder dos hebreus. Ele \u00e9 um guerreiro experiente, dotado de coragem, determina\u00e7\u00e3o e de uma f\u00e9 poderosa. Mas n\u00e3o \u00e9 tarefa f\u00e1cil conduzir um povo ao seu destino! Com seus aliados mais pr\u00f3ximos e de confian\u00e7a, o sacerdote levita Eleazar e o l\u00edder da tribo Jud\u00e1 Calebe, Josu\u00e9 tem que cumprir uma dif\u00edcil miss\u00e3o ordenada por Deus: comandar as doze tribos de Israel na conquista de Cana\u00e3, \u201cA Terra Prometida\u201d.<\/p>\n","protected":false},"excerpt":{"rendered":"<p>Novela \u201cA Terra Prometida\u201d resumo 07\/08: no capitulo 010 (*) da novela \u201cA Terra Prometida\u201d, ter\u00e7a-feira, 07 de agosto, Tibar liberta Raabe. Ela pede para continuar presa ao lado de Nob\u00e1, mas \u00e9 expulsa do pal\u00e1cio. Liora ampara a amiga. Alguns hebreus limpam e reconstroem a tenda de Quemuel. O l\u00edder tribal agradece a Josu\u00e9. [&hellip;]<\/p>\n","protected":false},"author":2,"featured_media":89446,"comment_status":"open","ping_status":"closed","sticky":false,"template":"","format":"standard","meta":{"tdm_status":"","tdm_grid_status":"","footnotes":""},"categories":[446,379,371,343],"tags":[441],"class_list":{"0":"post-147874","1":"post","2":"type-post","3":"status-publish","4":"format-standard","5":"has-post-thumbnail","7":"category-a-terra-prometida","8":"category-novelas","9":"category-rede-record","10":"category-televisao","11":"tag-resumo-do-dia"},"_links":{"self":[{"href":"https:\/\/migracao.redenoticia.com.br\/noticia\/wp-json\/wp\/v2\/posts\/147874","targetHints":{"allow":["GET"]}}],"collection":[{"href":"https:\/\/migracao.redenoticia.com.br\/noticia\/wp-json\/wp\/v2\/posts"}],"about":[{"href":"https:\/\/migracao.redenoticia.com.br\/noticia\/wp-json\/wp\/v2\/types\/post"}],"author":[{"embeddable":true,"href":"https:\/\/migracao.redenoticia.com.br\/noticia\/wp-json\/wp\/v2\/users\/2"}],"replies":[{"embeddable":true,"href":"https:\/\/migracao.redenoticia.com.br\/noticia\/wp-json\/wp\/v2\/comments?post=147874"}],"version-history":[{"count":0,"href":"https:\/\/migracao.redenoticia.com.br\/noticia\/wp-json\/wp\/v2\/posts\/147874\/revisions"}],"wp:featuredmedia":[{"embeddable":true,"href":"https:\/\/migracao.redenoticia.com.br\/noticia\/wp-json\/wp\/v2\/media\/89446"}],"wp:attachment":[{"href":"https:\/\/migracao.redenoticia.com.br\/noticia\/wp-json\/wp\/v2\/media?parent=147874"}],"wp:term":[{"taxonomy":"category","embeddable":true,"href":"https:\/\/migracao.redenoticia.com.br\/noticia\/wp-json\/wp\/v2\/categories?post=147874"},{"taxonomy":"post_tag","embeddable":true,"href":"https:\/\/migracao.redenoticia.com.br\/noticia\/wp-json\/wp\/v2\/tags?post=147874"}],"curies":[{"name":"wp","href":"https:\/\/api.w.org\/{rel}","templated":true}]}}