{"id":147880,"date":"2018-08-06T00:04:57","date_gmt":"2018-08-06T03:04:57","guid":{"rendered":"https:\/\/www.redenoticia.com.br\/noticia\/?p=147861"},"modified":"2018-08-06T00:04:57","modified_gmt":"2018-08-06T03:04:57","slug":"campanha-de-vacinacao-contra-a-poliomielite-e-o-sarampo","status":"publish","type":"post","link":"https:\/\/migracao.redenoticia.com.br\/noticia\/2018\/campanha-de-vacinacao-contra-a-poliomielite-e-o-sarampo\/147880","title":{"rendered":"Campanha de Vacina\u00e7\u00e3o contra a Poliomielite e o Sarampo"},"content":{"rendered":"<p> A Campanha Nacional de <strong><em>Vacina\u00e7\u00e3o contra a Poliomielite e o Sarampo<\/em><\/strong> come\u00e7a nesta segunda (6) em todo o pa\u00eds. A meta \u00e9 imunizar mais de 11 milh\u00f5es de crian\u00e7as com idade entre 1 ano e menores de 5 anos, p\u00fablico mais suscet\u00edvel a complica\u00e7\u00f5es de ambas as doen\u00e7as. O Dia D de Mobiliza\u00e7\u00e3o Nacional foi agendado para 18 de agosto, um s\u00e1bado, mas a campanha segue at\u00e9 o dia 31 de agosto. <\/p>\n<p>De acordo com o Minist\u00e9rio da Sa\u00fade, foram adquiridas 28,3 milh\u00f5es de doses de ambas as vacinas \u2013 um total de R$ 160,7 milh\u00f5es. Todos os estados, segundo a pasta, j\u00e1 est\u00e3o abastecidos com 871,3 mil doses da Vacina Inativadas Poliomielite (VIP), 14 milh\u00f5es da Vacina Oral Poliomielite (VOP) e 13,4 milh\u00f5es da Tr\u00edplice Viral, que protege contra o sarampo, a rub\u00e9ola e a caxumba. <\/p>\n<p>Este ano, a vacina\u00e7\u00e3o ser\u00e1 feita de forma indiscriminada, ou seja, todas as crian\u00e7as dentro da faixa et\u00e1ria estabelecida ser\u00e3o imunizadas \u2013 mesmo as que j\u00e1 est\u00e3o com o esquema vacinal completo. Neste caso, a crian\u00e7a vai receber um outro refor\u00e7o. A campanha ocorre em meio a pelo menos dois surtos de sarampo no Brasil, em Roraima e no Amazonas. No caso da p\u00f3lio, 312 munic\u00edpios registram baixas taxas de cobertura vacinal contra a doen\u00e7a.<\/p>\n<p>Veja a seguir algumas das principais perguntas e respostas relacionadas \u00e0 campanha, com base em informa\u00e7\u00f5es divulgadas pelo Minist\u00e9rio da Sa\u00fade:<\/p>\n<p>Quando e onde ocorre a campanha?<\/p>\n<p>Entre 6 e 31 de agosto, com o Dia D agendado para 18 de agosto, em postos de sa\u00fade de todo o pa\u00eds.<\/p>\n<p>Qual o foco da campanha?<\/p>\n<p>Crian\u00e7as com idade entre 1 ano e 5 anos incompletos (4 anos e 11 meses).<\/p>\n<p>Crian\u00e7as que j\u00e1 foram vacinadas anteriormente devem ser levadas aos postos?<\/p>\n<p>Sim. Todas as crian\u00e7as com idade entre 1 ano e menores de 5 anos devem comparecer aos postos. Quem estiver com o esquema vacinal incompleto receber\u00e1 as doses necess\u00e1rias para atualiza\u00e7\u00e3o e quem estiver com o esquema vacinal completo receber\u00e1 outro refor\u00e7o.<\/p>\n<p>Qual a vacina usada contra a p\u00f3lio?<\/p>\n<p>Crian\u00e7as que nunca foram imunizadas contra a p\u00f3lio v\u00e3o receber a Vacina Inativada Poliomielite (VIP), na forma injet\u00e1vel. Crian\u00e7as que j\u00e1 receberam uma ou mais doses contra a p\u00f3lio v\u00e3o receber a Vacina Oral Poliomielite (VOP), na forma de gotinha.<\/p>\n<p>Qual a vacina usada contra o sarampo?<\/p>\n<p>A vacina contra o sarampo usada na campanha \u00e9 a Tr\u00edplice Viral, que protege tamb\u00e9m contra a rub\u00e9ola e a caxumba. Todas as crian\u00e7as na faixa et\u00e1ria estabelecida v\u00e3o receber uma dose da Tr\u00edplice Viral, independentemente de sua situa\u00e7\u00e3o vacinal, desde que n\u00e3o tenham sido vacinadas nos \u00faltimos 30 dias.<\/p>\n<p>Adultos participam da campanha?<\/p>\n<p>N\u00e3o. A campanha tem como foco crian\u00e7as com idade entre 1 ano e menores de 5 anos. <\/p>\n<p>Mesmo n\u00e3o sendo foco da campanha, adultos precisam de alguma das duas doses?<\/p>\n<p>Sim. Conforme previsto no Calend\u00e1rio Nacional de Vacina\u00e7\u00e3o, adultos com at\u00e9 29 anos que n\u00e3o tiverem completado o esquema na inf\u00e2ncia devem receber duas doses da Tr\u00edplice Viral e adultos com idade entre 30 e 49 anos devem receber uma dose da Tr\u00edplice Viral. O adulto que n\u00e3o souber sua situa\u00e7\u00e3o vacinal deve procurar o posto de sa\u00fade mais pr\u00f3ximo para tomar as doses previstas para sua faixa et\u00e1ria.<\/p>\n<p>Paula Laboissi\u00e8re &#8211; Rep\u00f3rter da Ag\u00eancia Brasil<br \/>\nEdi\u00e7\u00e3o: Carolina Pimentel<br \/>\n06\/08\/2018<\/p>\n","protected":false},"excerpt":{"rendered":"<p>A Campanha Nacional de Vacina\u00e7\u00e3o contra a Poliomielite e o Sarampo come\u00e7a nesta segunda (6) em todo o pa\u00eds. A meta \u00e9 imunizar mais de 11 milh\u00f5es de crian\u00e7as com idade entre 1 ano e menores de 5 anos, p\u00fablico mais suscet\u00edvel a complica\u00e7\u00f5es de ambas as doen\u00e7as. O Dia D de Mobiliza\u00e7\u00e3o Nacional foi [&hellip;]<\/p>\n","protected":false},"author":2,"featured_media":36129,"comment_status":"open","ping_status":"closed","sticky":false,"template":"","format":"standard","meta":{"tdm_status":"","tdm_grid_status":"","footnotes":""},"categories":[22,5],"tags":[],"class_list":{"0":"post-147880","1":"post","2":"type-post","3":"status-publish","4":"format-standard","5":"has-post-thumbnail","7":"category-brasil","8":"category-saude-e-vida"},"_links":{"self":[{"href":"https:\/\/migracao.redenoticia.com.br\/noticia\/wp-json\/wp\/v2\/posts\/147880","targetHints":{"allow":["GET"]}}],"collection":[{"href":"https:\/\/migracao.redenoticia.com.br\/noticia\/wp-json\/wp\/v2\/posts"}],"about":[{"href":"https:\/\/migracao.redenoticia.com.br\/noticia\/wp-json\/wp\/v2\/types\/post"}],"author":[{"embeddable":true,"href":"https:\/\/migracao.redenoticia.com.br\/noticia\/wp-json\/wp\/v2\/users\/2"}],"replies":[{"embeddable":true,"href":"https:\/\/migracao.redenoticia.com.br\/noticia\/wp-json\/wp\/v2\/comments?post=147880"}],"version-history":[{"count":0,"href":"https:\/\/migracao.redenoticia.com.br\/noticia\/wp-json\/wp\/v2\/posts\/147880\/revisions"}],"wp:featuredmedia":[{"embeddable":true,"href":"https:\/\/migracao.redenoticia.com.br\/noticia\/wp-json\/wp\/v2\/media\/36129"}],"wp:attachment":[{"href":"https:\/\/migracao.redenoticia.com.br\/noticia\/wp-json\/wp\/v2\/media?parent=147880"}],"wp:term":[{"taxonomy":"category","embeddable":true,"href":"https:\/\/migracao.redenoticia.com.br\/noticia\/wp-json\/wp\/v2\/categories?post=147880"},{"taxonomy":"post_tag","embeddable":true,"href":"https:\/\/migracao.redenoticia.com.br\/noticia\/wp-json\/wp\/v2\/tags?post=147880"}],"curies":[{"name":"wp","href":"https:\/\/api.w.org\/{rel}","templated":true}]}}