{"id":1479,"date":"2009-05-09T23:38:16","date_gmt":"2009-05-10T03:38:16","guid":{"rendered":"http:\/\/www.redenoticia.com.br\/noticia\/?p=1479"},"modified":"2009-05-09T20:39:18","modified_gmt":"2009-05-10T00:39:18","slug":"cassol-fara-turne-no-peru-e-chile-de-12-a-20-de-maio","status":"publish","type":"post","link":"https:\/\/migracao.redenoticia.com.br\/noticia\/2009\/cassol-fara-turne-no-peru-e-chile-de-12-a-20-de-maio\/1479","title":{"rendered":"Cassol far\u00e1 turn\u00ea no  Peru e Chile de 12 a 20 de Maio"},"content":{"rendered":"<p><span style=\"font-family: Arial;\">O secret\u00e1rio Estadual de Finan\u00e7as, Jos\u00e9 Genaro de Andrade e o coordenador da Receita Estadual-CRE, Ciro Muneo Funada estiveram reunidos para acertar os ajustes finais da Miss\u00e3o Empresarial \u2018Fronteiras do Progresso\u2019 rumo ao Peru, cuja sa\u00edda est\u00e1 prevista para a pr\u00f3xima ter\u00e7a-feira, dia 12, \u00e1s 8h00 de frente do Pal\u00e1cio Presidente Vargas. <\/span><\/p>\n<p class=\"MsoNormal\" style=\"text-align: justify;\"><span style=\"font-family: Arial;\">O secret\u00e1rio da SEDES, Marco Ant\u00f4nio Petisco alertou que o clima no Peru \u00e9 muito frio nessa \u00e9poca do ano. \u201cTeremos que ter roupas adequadas para esses dez dias de viagem, porque a temperatura de manh\u00e3 \u00e9 de 16\u00ba e a noite cai bruscamente para 0\u00ba\u201d, frisou. <\/span><\/p>\n<p class=\"MsoNormal\" style=\"text-align: justify;\"><span style=\"font-family: Arial;\">De acordo como o secret\u00e1rio de Finan\u00e7as, at\u00e9 agora 30 ve\u00edculos fazem parte da miss\u00e3o empresarial e 52 empres\u00e1rios de v\u00e1rios setores da economia de Rond\u00f4nia j\u00e1 confirmaram a presen\u00e7a nesta miss\u00e3o ao Peru. \u201cTemos empres\u00e1rios da ind\u00fastria metal\u00fargica, alimentos, madeireira, n\u00e1utica entre outros, que juntamente com o governador Ivo Cassol e equipe do Governo do Estado participar\u00e3o de v\u00e1rias reuni\u00f5es de neg\u00f3cios, com autoridades locais com a finalidade de abrir mercado no pa\u00eds andino para os produtos rondonienses\u201d, salienta Genaro. <\/span><\/p>\n<p class=\"MsoNormal\" style=\"text-align: justify;\"><strong><span style=\"font-family: Arial;\"> <\/span><\/strong><\/p>\n<p class=\"MsoNormal\" style=\"text-align: justify;\"><strong><span style=\"font-family: Arial;\">Cassol lidera caravana <\/span><\/strong><\/p>\n<p class=\"MsoNormal\" style=\"text-align: justify;\"><span style=\"font-family: Arial;\"> <\/span><\/p>\n<p class=\"MsoNormal\" style=\"text-align: justify;\"><span style=\"font-family: Arial;\">Liderada pelo governador Ivo Cassol, que vai dirijindo o pr\u00f3prio carro a frente dos demais, a caravana da miss\u00e3o empresarial rumo ao Peru vai percorrer 4.200 quil\u00f4metros de ida e volta. Saindo de Porto Velho passar\u00e1 por Extrema\/RO, capital do Acre, Rio Branco, Brasil\u00e9ia, Epitaciol\u00e2ndia e Assis Brasil, no Acre. Depois segue em dire\u00e7\u00e3o ao Peru passando por I\u00f1apari, Porto Maldonado, Masuco, Puno, Arequipa, Matarani e Ilo. A caravana deve retornar ao Brasil, no dia 20 de maio. <\/span><\/p>\n<p class=\"MsoNormal\"><span style=\"font-family: Arial;\"> <\/span><\/p>\n<p><span class=\"textonegrito101\"><span style=\"font-size: 12pt; font-family: Arial; color: windowtext;\">Fonte: <\/span><\/span><span class=\"textoentrerodape1\"><span style=\"font-size: 7.5pt; font-family: Arial;\">DECOM &#8211; Departamento de Comunica\u00e7\u00e3o Social<\/span><\/span><\/p>\n","protected":false},"excerpt":{"rendered":"<p>O secret\u00e1rio Estadual de Finan\u00e7as, Jos\u00e9 Genaro de Andrade e o coordenador da Receita Estadual-CRE, Ciro Muneo Funada estiveram reunidos para acertar os ajustes finais da Miss\u00e3o Empresarial \u2018Fronteiras do Progresso\u2019 rumo ao Peru, cuja sa\u00edda est\u00e1 prevista para a pr\u00f3xima ter\u00e7a-feira, dia 12, \u00e1s 8h00 de frente do Pal\u00e1cio Presidente Vargas. O secret\u00e1rio da [&hellip;]<\/p>\n","protected":false},"author":3,"featured_media":0,"comment_status":"open","ping_status":"open","sticky":false,"template":"","format":"standard","meta":{"tdm_status":"","tdm_grid_status":"","footnotes":""},"categories":[22],"tags":[],"class_list":{"0":"post-1479","1":"post","2":"type-post","3":"status-publish","4":"format-standard","6":"category-brasil"},"_links":{"self":[{"href":"https:\/\/migracao.redenoticia.com.br\/noticia\/wp-json\/wp\/v2\/posts\/1479","targetHints":{"allow":["GET"]}}],"collection":[{"href":"https:\/\/migracao.redenoticia.com.br\/noticia\/wp-json\/wp\/v2\/posts"}],"about":[{"href":"https:\/\/migracao.redenoticia.com.br\/noticia\/wp-json\/wp\/v2\/types\/post"}],"author":[{"embeddable":true,"href":"https:\/\/migracao.redenoticia.com.br\/noticia\/wp-json\/wp\/v2\/users\/3"}],"replies":[{"embeddable":true,"href":"https:\/\/migracao.redenoticia.com.br\/noticia\/wp-json\/wp\/v2\/comments?post=1479"}],"version-history":[{"count":0,"href":"https:\/\/migracao.redenoticia.com.br\/noticia\/wp-json\/wp\/v2\/posts\/1479\/revisions"}],"wp:attachment":[{"href":"https:\/\/migracao.redenoticia.com.br\/noticia\/wp-json\/wp\/v2\/media?parent=1479"}],"wp:term":[{"taxonomy":"category","embeddable":true,"href":"https:\/\/migracao.redenoticia.com.br\/noticia\/wp-json\/wp\/v2\/categories?post=1479"},{"taxonomy":"post_tag","embeddable":true,"href":"https:\/\/migracao.redenoticia.com.br\/noticia\/wp-json\/wp\/v2\/tags?post=1479"}],"curies":[{"name":"wp","href":"https:\/\/api.w.org\/{rel}","templated":true}]}}