{"id":147908,"date":"2018-08-06T18:06:42","date_gmt":"2018-08-06T21:06:42","guid":{"rendered":"https:\/\/www.redenoticia.com.br\/noticia\/?p=147908"},"modified":"2018-08-06T18:06:42","modified_gmt":"2018-08-06T21:06:42","slug":"resumo-novela-coracao-indomavel-07-08-maricruz-esta-a-ter-delirios","status":"publish","type":"post","link":"https:\/\/migracao.redenoticia.com.br\/noticia\/2018\/resumo-novela-coracao-indomavel-07-08-maricruz-esta-a-ter-delirios\/147908","title":{"rendered":"Resumo novela \u201cCora\u00e7\u00e3o Indom\u00e1vel\u201d 07\/08: Maricruz est\u00e1 a ter del\u00edrios"},"content":{"rendered":"<p><img loading=\"lazy\" decoding=\"async\" src=\"https:\/\/migracao.redenoticia.com.br\/imagens\/coracao_indomavel_sbt_novela_resumo-150x112.jpg\" alt=\"\" width=\"150\" height=\"112\" class=\"alignleft size-thumbnail wp-image-66161\" srcset=\"https:\/\/migracao.redenoticia.com.br\/noticia\/imagens\/coracao_indomavel_sbt_novela_resumo-150x112.jpg 150w, https:\/\/migracao.redenoticia.com.br\/noticia\/imagens\/coracao_indomavel_sbt_novela_resumo-265x198.jpg 265w\" sizes=\"auto, (max-width: 150px) 100vw, 150px\" \/><strong><em>Resumo novela \u201cCora\u00e7\u00e3o Indom\u00e1vel\u201d 07\/08 <\/em><\/strong>: no cap\u00edtulo 147(*) da novela \u201cCora\u00e7\u00e3o Indom\u00e1vel\u201d, ter\u00e7a-feira, 07 de agosto, no Hospital, Maricruz diz a Enfermeira que a deixe ir embora, pois n\u00e3o quer participar de um novo esc\u00e2ndalo, e tira seu pr\u00f3prio soro. Maricruz chega \u00e0 casa de Clementina. Clementina comenta com o doutor que Maricruz est\u00e1 tendo del\u00edrios, e pede que ele a atenda.<\/p>\n<p>(*) edi\u00e7\u00e3o do SBT, Novela \u201cCora\u00e7\u00e3o Indom\u00e1vel\u201d, sujeito a altera\u00e7\u00e3o de data e conte\u00fado.<\/p>\n<p>Sinopse &#8211; Maria Alessandra Mendon\u00e7a Olivares, mais conhecida como Maricruz Olivares (Ana Brenda Contreras) vive com Ramiro (Ignacio L\u00f3pez Tarso), seu av\u00f4 materno, e com Soledad (Gaby Mellado), sua irm\u00e3 adotiva, que \u00e9 surda-muda e que foi abandonada quando pequena. Sua casa \u00e9 uma cabana situada em plena natureza, aos arredores da fazenda Narv\u00e1ez.  Miguel (Ren\u00e9 Strickler) e Ot\u00e1vio (Daniel Arenas) s\u00e3o irm\u00e3os e donos da fazenda Narv\u00e1ez, que est\u00e1 hipotecada pela m\u00e1 administra\u00e7\u00e3o de Miguel, o irm\u00e3o mais velho. Ot\u00e1vio \u00e9 piloto e chega \u00e0 fazenda necessitado de dinheiro pois ficou sem trabalho e quer que as terras sejam vendidas, mas sem imaginar, logo vai esquecendo esse objetivo, pois descobre que a terra, a planta\u00e7\u00e3o e o trato com os trabalhadores, s\u00e3o motivo de paix\u00e3o para ele. <\/p>\n","protected":false},"excerpt":{"rendered":"<p>Resumo novela \u201cCora\u00e7\u00e3o Indom\u00e1vel\u201d 07\/08 : no cap\u00edtulo 147(*) da novela \u201cCora\u00e7\u00e3o Indom\u00e1vel\u201d, ter\u00e7a-feira, 07 de agosto, no Hospital, Maricruz diz a Enfermeira que a deixe ir embora, pois n\u00e3o quer participar de um novo esc\u00e2ndalo, e tira seu pr\u00f3prio soro. Maricruz chega \u00e0 casa de Clementina. Clementina comenta com o doutor que Maricruz est\u00e1 [&hellip;]<\/p>\n","protected":false},"author":4,"featured_media":66161,"comment_status":"open","ping_status":"closed","sticky":false,"template":"","format":"standard","meta":{"tdm_status":"","tdm_grid_status":"","footnotes":""},"categories":[379,372,343],"tags":[441],"class_list":{"0":"post-147908","1":"post","2":"type-post","3":"status-publish","4":"format-standard","5":"has-post-thumbnail","7":"category-novelas","8":"category-sbt","9":"category-televisao","10":"tag-resumo-do-dia"},"_links":{"self":[{"href":"https:\/\/migracao.redenoticia.com.br\/noticia\/wp-json\/wp\/v2\/posts\/147908","targetHints":{"allow":["GET"]}}],"collection":[{"href":"https:\/\/migracao.redenoticia.com.br\/noticia\/wp-json\/wp\/v2\/posts"}],"about":[{"href":"https:\/\/migracao.redenoticia.com.br\/noticia\/wp-json\/wp\/v2\/types\/post"}],"author":[{"embeddable":true,"href":"https:\/\/migracao.redenoticia.com.br\/noticia\/wp-json\/wp\/v2\/users\/4"}],"replies":[{"embeddable":true,"href":"https:\/\/migracao.redenoticia.com.br\/noticia\/wp-json\/wp\/v2\/comments?post=147908"}],"version-history":[{"count":0,"href":"https:\/\/migracao.redenoticia.com.br\/noticia\/wp-json\/wp\/v2\/posts\/147908\/revisions"}],"wp:featuredmedia":[{"embeddable":true,"href":"https:\/\/migracao.redenoticia.com.br\/noticia\/wp-json\/wp\/v2\/media\/66161"}],"wp:attachment":[{"href":"https:\/\/migracao.redenoticia.com.br\/noticia\/wp-json\/wp\/v2\/media?parent=147908"}],"wp:term":[{"taxonomy":"category","embeddable":true,"href":"https:\/\/migracao.redenoticia.com.br\/noticia\/wp-json\/wp\/v2\/categories?post=147908"},{"taxonomy":"post_tag","embeddable":true,"href":"https:\/\/migracao.redenoticia.com.br\/noticia\/wp-json\/wp\/v2\/tags?post=147908"}],"curies":[{"name":"wp","href":"https:\/\/api.w.org\/{rel}","templated":true}]}}