{"id":148353,"date":"2018-08-08T23:51:19","date_gmt":"2018-08-09T02:51:19","guid":{"rendered":"https:\/\/www.redenoticia.com.br\/noticia\/?p=148353"},"modified":"2018-08-10T15:56:32","modified_gmt":"2018-08-10T18:56:32","slug":"novela-luz-do-sol-resumo-10-08-maria-eugenia-e-lorena-chegam-ao-abrigo","status":"publish","type":"post","link":"https:\/\/migracao.redenoticia.com.br\/noticia\/2018\/novela-luz-do-sol-resumo-10-08-maria-eugenia-e-lorena-chegam-ao-abrigo\/148353","title":{"rendered":"Novela \u201cLuz do Sol\u201d resumo 10\/08: Maria Eug\u00eania e Lorena chegam ao abrigo"},"content":{"rendered":"<p> <img loading=\"lazy\" decoding=\"async\" class=\"alignleft size-thumbnail wp-image-131397\" src=\"https:\/\/migracao.redenoticia.com.br\/noticia\/imagens\/luz-do-sol-resumo-novela-record-150x112.jpg\" alt=\"\" width=\"150\" height=\"112\" srcset=\"https:\/\/migracao.redenoticia.com.br\/noticia\/imagens\/luz-do-sol-resumo-novela-record-150x112.jpg 150w, https:\/\/migracao.redenoticia.com.br\/noticia\/imagens\/luz-do-sol-resumo-novela-record-265x198.jpg 265w\" sizes=\"auto, (max-width: 150px) 100vw, 150px\" \/><strong><em>Novela \u201cLuz do Sol\u201d resumo 10\/08<\/em><\/strong>: no capitulo 150 (*) da novela \u201cLuz do Sol\u201d, sexta-feira, 10 de agosto, Marcelo adverte Freddy de que \u00e9 proibida a entrada de homens no abrigo e Maria Eug\u00eania decide ela mesma trazer a neta de volta. William e Rodolfo prop\u00f5e a Pedro \u2018colaborar\u2019 com a m\u00e3e, para pegar o dinheiro da venda do estaleiro e transferi-lo para outra conta. Pedro aceita a proposta para ter a chance de retomar o estaleiro. Nina sente falta de um chap\u00e9u do figurino de Lucky. Nelma faz contato com Lorena e avisa que Drica est\u00e1 l\u00e1. Lorena promete pagar 200 mil reais para Nelma se realmente encontrar Drica. Marlene pede que Drica fique atenta a Nelma, afirmando que ela n\u00e3o vale nada. Pedro diz \u00e0 Milena que ir\u00e1 para o exterior pessoalmente pegar o dinheiro, conforme ela pediu, deixando-a satisfeita. Maria Eug\u00eania e Lorena chegam ao abrigo na mesma hora, mas Lorena \u00e9 obrigada a se esconder, e tra\u00e7a outro plano. Lorena liga para Nelma e ordena que ela impe\u00e7a a menina de sair do abrigo.<\/p>\n<p>Ver\u00f4nica e Tom continuam bolando planos para verem-se livres de Rodrigo Ot\u00e1vio, mas nada d\u00e1 certo. Maria Eug\u00eania reencontra Drica e prova que ela \u00e9 sua neta, mostrando a marca na perna, que agora \u00e9 vis\u00edvel. Avisadas de que Drica foi localizada, Stella e Eliana emocionam-se e comemoram o retorno da filha. Nelma adverte Drica de que ela s\u00f3 poder\u00e1 ir embora com ordem do juiz. Irritada, Lorena jura a Valadares que Drica n\u00e3o sair\u00e1 viva do abrigo.  <\/p>\n<p>(*) edi\u00e7\u00e3o da Rede Record, Novela \u201cLuz do Sol\u201d, sujeito a altera\u00e7\u00e3o de data e conte\u00fado.<\/p>\n<p>Luz do Sol \u00e9 uma telenovela brasileira produzida pela RecordTV e exibida originalmente entre 21 de mar\u00e7o e 20 de novembro de 2007, em 210 epis\u00f3dios. \u00c9 uma obra representativa na hist\u00f3ria da teledramaturgia da emissora n\u00e3o apenas por isso, mas por ter sido a primeira novela escrita por Ana Maria Moretzsohn para a Record, trazendo a colabora\u00e7\u00e3o de texto de Gustavo Reiz, Ana Clara Santiago, Emilio Boechat e Denise Crispun, com dire\u00e7\u00e3o de Ivan Zettel, F\u00e1bio Junqueira e Jos\u00e9 Carlos Pieri, sob dire\u00e7\u00e3o geral de Ivan Zettel.<\/p>\n<p>Luma Costa interpreta a protagonista, Drica, que foi sequestrada misteriosamente durante sua festa de cinco anos e apareceu afogada em uma praia de pescadores, no qual foi criada sob o nome de Maria Rosa com uma vida humilde. Lu\u00edza Tom\u00e9 e Giuseppe Orist\u00e2nio interpretam os pais biol\u00f3gicos da garota, sendo que enquanto ele desistiu da busca da filha ap\u00f3s 11 anos, ela nunca deixou de busc\u00e1-la, o que acabou ruindo com seu casamento. Patr\u00edcia Fran\u00e7a e Leonardo Br\u00edcio interpretam os pais adotivos de Drica, que criaram-na como filha, sem terem lhe contaram a verdade. Thiago Gagliasso, Paloma Duarte, Petr\u00f4nio Gontijo, Juliana Silveira, Bete Coelho, Floriano Peixoto, Karen Marinho e Let\u00edcia Colin interpretam os demais pap\u00e9is centrais da trama.<\/p>\n","protected":false},"excerpt":{"rendered":"<p>Novela \u201cLuz do Sol\u201d resumo 10\/08: no capitulo 150 (*) da novela \u201cLuz do Sol\u201d, sexta-feira, 10 de agosto, Marcelo adverte Freddy de que \u00e9 proibida a entrada de homens no abrigo e Maria Eug\u00eania decide ela mesma trazer a neta de volta. William e Rodolfo prop\u00f5e a Pedro \u2018colaborar\u2019 com a m\u00e3e, para pegar [&hellip;]<\/p>\n","protected":false},"author":2,"featured_media":148141,"comment_status":"open","ping_status":"closed","sticky":false,"template":"","format":"standard","meta":{"tdm_status":"","tdm_grid_status":"","footnotes":""},"categories":[379,371,343],"tags":[441],"class_list":{"0":"post-148353","1":"post","2":"type-post","3":"status-publish","4":"format-standard","5":"has-post-thumbnail","7":"category-novelas","8":"category-rede-record","9":"category-televisao","10":"tag-resumo-do-dia"},"_links":{"self":[{"href":"https:\/\/migracao.redenoticia.com.br\/noticia\/wp-json\/wp\/v2\/posts\/148353","targetHints":{"allow":["GET"]}}],"collection":[{"href":"https:\/\/migracao.redenoticia.com.br\/noticia\/wp-json\/wp\/v2\/posts"}],"about":[{"href":"https:\/\/migracao.redenoticia.com.br\/noticia\/wp-json\/wp\/v2\/types\/post"}],"author":[{"embeddable":true,"href":"https:\/\/migracao.redenoticia.com.br\/noticia\/wp-json\/wp\/v2\/users\/2"}],"replies":[{"embeddable":true,"href":"https:\/\/migracao.redenoticia.com.br\/noticia\/wp-json\/wp\/v2\/comments?post=148353"}],"version-history":[{"count":0,"href":"https:\/\/migracao.redenoticia.com.br\/noticia\/wp-json\/wp\/v2\/posts\/148353\/revisions"}],"wp:featuredmedia":[{"embeddable":true,"href":"https:\/\/migracao.redenoticia.com.br\/noticia\/wp-json\/wp\/v2\/media\/148141"}],"wp:attachment":[{"href":"https:\/\/migracao.redenoticia.com.br\/noticia\/wp-json\/wp\/v2\/media?parent=148353"}],"wp:term":[{"taxonomy":"category","embeddable":true,"href":"https:\/\/migracao.redenoticia.com.br\/noticia\/wp-json\/wp\/v2\/categories?post=148353"},{"taxonomy":"post_tag","embeddable":true,"href":"https:\/\/migracao.redenoticia.com.br\/noticia\/wp-json\/wp\/v2\/tags?post=148353"}],"curies":[{"name":"wp","href":"https:\/\/api.w.org\/{rel}","templated":true}]}}