{"id":148355,"date":"2018-08-08T23:52:53","date_gmt":"2018-08-09T02:52:53","guid":{"rendered":"https:\/\/www.redenoticia.com.br\/noticia\/?p=148355"},"modified":"2018-08-08T23:52:53","modified_gmt":"2018-08-09T02:52:53","slug":"novela-a-terra-prometida-resumo-10-08-samara-deseja-o-mal-de-aruna","status":"publish","type":"post","link":"https:\/\/migracao.redenoticia.com.br\/noticia\/2018\/novela-a-terra-prometida-resumo-10-08-samara-deseja-o-mal-de-aruna\/148355","title":{"rendered":"Novela \u201cA Terra Prometida\u201d resumo 10\/08: Samara deseja o mal de Aruna"},"content":{"rendered":"<p> <img loading=\"lazy\" decoding=\"async\" class=\"alignleft size-thumbnail wp-image-89446\" src=\"https:\/\/migracao.redenoticia.com.br\/noticia\/imagens\/a-terra-prometida-novela-record-resumo-150x112.jpg\" alt=\"\" width=\"150\" height=\"112\" srcset=\"https:\/\/migracao.redenoticia.com.br\/noticia\/imagens\/a-terra-prometida-novela-record-resumo-150x112.jpg 150w, https:\/\/migracao.redenoticia.com.br\/noticia\/imagens\/a-terra-prometida-novela-record-resumo-265x198.jpg 265w\" sizes=\"auto, (max-width: 150px) 100vw, 150px\" \/><em><strong>Novela \u201cA Terra Prometida\u201d resumo 10\/08<\/strong><\/em>: no capitulo 013 (*) da novela \u201cA Terra Prometida\u201d, sexta-feira, 10 de agosto, Tibar avista um hebreu pr\u00f3ximo \u00e0 entrada de Jeric\u00f3. Kadmo come\u00e7a a revistar os mercadores da caravana. Zaqueu \u00e9 perseguido por quatro soldados de Jeric\u00f3. Kadmo se lembra do rosto de Melquias e o hebreu \u00e9 detido. Zaqueu \u00e9 perseguido pelos oficiais inimigos. O soldado mascarado aparece para ajuda-lo. Grok avisa que Kalesi deseja ver Zuma. Sem ser percebido, Durgal observa a rainha recebendo o guerreiro n\u00fabio em seu quarto. Melquias \u00e9 conduzido ao pal\u00e1cio. Ion\u00e1 lamenta o estado de sa\u00fade de El\u00f3i e se aborrece com o pessimismo de Mara. Josu\u00e9 avisa que precisar\u00e1 ter uma conversa s\u00e9ria com Aruna.<\/p>\n<p>Em conversa com L\u00e9ia, Samara deseja o mal de Aruna. Raabe \u00e9 assediada por alguns homens e recebe a ajuda de Salmon. Ele luta para proteger a mo\u00e7a. Na estalagem, Salmon n\u00e3o se sente a vontade com a prostituta em seu quarto. Marek descobre que Tibar conseguiu prender um espi\u00e3o hebreu. Enquanto Zaqueu foge dos soldados cananeus, o soldado mascarado galopa na dire\u00e7\u00e3o deles. Raabe gosta da educa\u00e7\u00e3o de Salmon. Ac\u00e3 mente para Gibar ao dizer que El\u00f3i \u00e9 denunciou o plano dos espi\u00f5es. Marek vai at\u00e9 a cela onde Melquias est\u00e1 detido e ordena que prendam o hebreu em uma gaiola em pra\u00e7a p\u00fablica. Nob\u00e1 faz perguntas sobre o Deus de Israel. Na tenda hospital, Tobias e Iru iniciam uma briga.<\/p>\n<p>(*) edi\u00e7\u00e3o da Rede Record, Novela \u201cA Terra Prometida\u201d, sujeito a altera\u00e7\u00e3o de data e conte\u00fado.<\/p>\n<p>\u201cA Terra Prometida\u201d &#8211; Ap\u00f3s a morte de Mois\u00e9s, Josu\u00e9 \u00e9 o novo l\u00edder dos hebreus. Ele \u00e9 um guerreiro experiente, dotado de coragem, determina\u00e7\u00e3o e de uma f\u00e9 poderosa. Mas n\u00e3o \u00e9 tarefa f\u00e1cil conduzir um povo ao seu destino! Com seus aliados mais pr\u00f3ximos e de confian\u00e7a, o sacerdote levita Eleazar e o l\u00edder da tribo Jud\u00e1 Calebe, Josu\u00e9 tem que cumprir uma dif\u00edcil miss\u00e3o ordenada por Deus: comandar as doze tribos de Israel na conquista de Cana\u00e3, \u201cA Terra Prometida\u201d.<\/p>\n","protected":false},"excerpt":{"rendered":"<p>Novela \u201cA Terra Prometida\u201d resumo 10\/08: no capitulo 013 (*) da novela \u201cA Terra Prometida\u201d, sexta-feira, 10 de agosto, Tibar avista um hebreu pr\u00f3ximo \u00e0 entrada de Jeric\u00f3. Kadmo come\u00e7a a revistar os mercadores da caravana. Zaqueu \u00e9 perseguido por quatro soldados de Jeric\u00f3. Kadmo se lembra do rosto de Melquias e o hebreu \u00e9 [&hellip;]<\/p>\n","protected":false},"author":2,"featured_media":148139,"comment_status":"open","ping_status":"closed","sticky":false,"template":"","format":"standard","meta":{"tdm_status":"","tdm_grid_status":"","footnotes":""},"categories":[446,379,371,343],"tags":[441],"class_list":{"0":"post-148355","1":"post","2":"type-post","3":"status-publish","4":"format-standard","5":"has-post-thumbnail","7":"category-a-terra-prometida","8":"category-novelas","9":"category-rede-record","10":"category-televisao","11":"tag-resumo-do-dia"},"_links":{"self":[{"href":"https:\/\/migracao.redenoticia.com.br\/noticia\/wp-json\/wp\/v2\/posts\/148355","targetHints":{"allow":["GET"]}}],"collection":[{"href":"https:\/\/migracao.redenoticia.com.br\/noticia\/wp-json\/wp\/v2\/posts"}],"about":[{"href":"https:\/\/migracao.redenoticia.com.br\/noticia\/wp-json\/wp\/v2\/types\/post"}],"author":[{"embeddable":true,"href":"https:\/\/migracao.redenoticia.com.br\/noticia\/wp-json\/wp\/v2\/users\/2"}],"replies":[{"embeddable":true,"href":"https:\/\/migracao.redenoticia.com.br\/noticia\/wp-json\/wp\/v2\/comments?post=148355"}],"version-history":[{"count":0,"href":"https:\/\/migracao.redenoticia.com.br\/noticia\/wp-json\/wp\/v2\/posts\/148355\/revisions"}],"wp:featuredmedia":[{"embeddable":true,"href":"https:\/\/migracao.redenoticia.com.br\/noticia\/wp-json\/wp\/v2\/media\/148139"}],"wp:attachment":[{"href":"https:\/\/migracao.redenoticia.com.br\/noticia\/wp-json\/wp\/v2\/media?parent=148355"}],"wp:term":[{"taxonomy":"category","embeddable":true,"href":"https:\/\/migracao.redenoticia.com.br\/noticia\/wp-json\/wp\/v2\/categories?post=148355"},{"taxonomy":"post_tag","embeddable":true,"href":"https:\/\/migracao.redenoticia.com.br\/noticia\/wp-json\/wp\/v2\/tags?post=148355"}],"curies":[{"name":"wp","href":"https:\/\/api.w.org\/{rel}","templated":true}]}}