{"id":148362,"date":"2018-08-09T00:16:29","date_gmt":"2018-08-09T03:16:29","guid":{"rendered":"https:\/\/www.redenoticia.com.br\/noticia\/?p=148362"},"modified":"2018-08-09T00:16:29","modified_gmt":"2018-08-09T03:16:29","slug":"pos-doutorado-em-topologia-algebrica-com-bolsa-da-fapesp","status":"publish","type":"post","link":"https:\/\/migracao.redenoticia.com.br\/noticia\/2018\/pos-doutorado-em-topologia-algebrica-com-bolsa-da-fapesp\/148362","title":{"rendered":"P\u00f3s-doutorado em topologia alg\u00e9brica com bolsa da FAPESP"},"content":{"rendered":"<p> Ag\u00eancia FAPESP\u00a0\u2013 Uma oportunidade de <strong><em>p\u00f3s-doutorado<\/em><\/strong>, com bolsa da FAPESP, est\u00e1 dispon\u00edvel no Instituto de Ci\u00eancias Matem\u00e1ticas e de Computa\u00e7\u00e3o da USP. Inscri\u00e7\u00f5es podem ser feitas at\u00e9 13 de agosto de 2018. A vaga est\u00e1 vinculada ao Projeto Tem\u00e1tico &#8220;&#8221;, coordenado pelo professor\u00a0.<\/p>\n<p>O bolsista participar\u00e1 de pesquisa em teoria de homotopia e de ra\u00edzes e\/ou mergulhos de variedades, em especial no contexto de teoria de n\u00f3s e de enla\u00e7amentos.<\/p>\n<p>O projeto consiste em desenvolver pesquisa em seis sub\u00e1reas de Topologia\/Geometria: 1) Ponto fixo e coincid\u00eancia; 2) Bordismo equivariante e Cohomologia de grupos; 3) Topologia das variedades; 4) Bordismo e Teoria de homotopia; 5) Grupos de tran\u00e7a; 6) An\u00e1lise topol\u00f3gica de dados.<\/p>\n<p>O candidato dever\u00e1 encaminhar e-mail para\u00a0daniel@dm.ufscar.br\u00a0contendo s\u00famula curricular, projeto de pesquisa e nomes e endere\u00e7os de dois pesquisadores que poder\u00e3o ser contatados para o encaminhamento de cartas de recomenda\u00e7\u00e3o.<\/p>\n<p>Os candidatos ser\u00e3o comunicados do resultado por e-mail. O selecionado iniciar\u00e1 as atividades do projeto no prazo m\u00e1ximo de 45 dias ap\u00f3s o an\u00fancio do resultado.<\/p>\n<p>Mais informa\u00e7\u00f5es sobre a vaga:\u00a0.<\/p>\n<p>A vaga est\u00e1 aberta a brasileiros e estrangeiros. O selecionado receber\u00e1 Bolsa de P\u00f3s-Doutorado da FAPESP no valor de R$ 7.174,80 mensais e Reserva T\u00e9cnica equivalente a 15% do valor anual da bolsa para atender a despesas imprevistas e diretamente relacionadas \u00e0 atividade de pesquisa.<\/p>\n<p>Caso o bolsista de PD resida em domic\u00edlio diferente e precise se mudar para a cidade onde se localiza a institui\u00e7\u00e3o-sede da pesquisa, poder\u00e1 ter direito a um Aux\u00edlio-Instala\u00e7\u00e3o. Mais informa\u00e7\u00f5es sobre a Bolsa de P\u00f3s-Doutorado da FAPESP est\u00e3o dispon\u00edveis em\u00a0.<\/p>\n<p>Outras vagas de bolsas, em diversas \u00e1reas do conhecimento, est\u00e3o no site FAPESP-Oportunidades, em\u00a0.<\/p>\n","protected":false},"excerpt":{"rendered":"<p>Ag\u00eancia FAPESP\u00a0\u2013 Uma oportunidade de p\u00f3s-doutorado, com bolsa da FAPESP, est\u00e1 dispon\u00edvel no Instituto de Ci\u00eancias Matem\u00e1ticas e de Computa\u00e7\u00e3o da USP. Inscri\u00e7\u00f5es podem ser feitas at\u00e9 13 de agosto de 2018. A vaga est\u00e1 vinculada ao Projeto Tem\u00e1tico &#8220;&#8221;, coordenado pelo professor\u00a0. O bolsista participar\u00e1 de pesquisa em teoria de homotopia e de ra\u00edzes [&hellip;]<\/p>\n","protected":false},"author":2,"featured_media":148261,"comment_status":"open","ping_status":"closed","sticky":false,"template":"","format":"standard","meta":{"tdm_status":"","tdm_grid_status":"","footnotes":""},"categories":[22,370,353],"tags":[],"class_list":{"0":"post-148362","1":"post","2":"type-post","3":"status-publish","4":"format-standard","5":"has-post-thumbnail","7":"category-brasil","8":"category-inscricao","9":"category-oportunidades"},"_links":{"self":[{"href":"https:\/\/migracao.redenoticia.com.br\/noticia\/wp-json\/wp\/v2\/posts\/148362","targetHints":{"allow":["GET"]}}],"collection":[{"href":"https:\/\/migracao.redenoticia.com.br\/noticia\/wp-json\/wp\/v2\/posts"}],"about":[{"href":"https:\/\/migracao.redenoticia.com.br\/noticia\/wp-json\/wp\/v2\/types\/post"}],"author":[{"embeddable":true,"href":"https:\/\/migracao.redenoticia.com.br\/noticia\/wp-json\/wp\/v2\/users\/2"}],"replies":[{"embeddable":true,"href":"https:\/\/migracao.redenoticia.com.br\/noticia\/wp-json\/wp\/v2\/comments?post=148362"}],"version-history":[{"count":0,"href":"https:\/\/migracao.redenoticia.com.br\/noticia\/wp-json\/wp\/v2\/posts\/148362\/revisions"}],"wp:featuredmedia":[{"embeddable":true,"href":"https:\/\/migracao.redenoticia.com.br\/noticia\/wp-json\/wp\/v2\/media\/148261"}],"wp:attachment":[{"href":"https:\/\/migracao.redenoticia.com.br\/noticia\/wp-json\/wp\/v2\/media?parent=148362"}],"wp:term":[{"taxonomy":"category","embeddable":true,"href":"https:\/\/migracao.redenoticia.com.br\/noticia\/wp-json\/wp\/v2\/categories?post=148362"},{"taxonomy":"post_tag","embeddable":true,"href":"https:\/\/migracao.redenoticia.com.br\/noticia\/wp-json\/wp\/v2\/tags?post=148362"}],"curies":[{"name":"wp","href":"https:\/\/api.w.org\/{rel}","templated":true}]}}