{"id":148364,"date":"2018-08-09T00:24:29","date_gmt":"2018-08-09T03:24:29","guid":{"rendered":"https:\/\/www.redenoticia.com.br\/noticia\/?p=148364"},"modified":"2018-08-09T00:24:29","modified_gmt":"2018-08-09T03:24:29","slug":"atividade-fisica-pode-prevenir-ate-10-mil-casos-de-cancer-por-ano-no-brasil","status":"publish","type":"post","link":"https:\/\/migracao.redenoticia.com.br\/noticia\/2018\/atividade-fisica-pode-prevenir-ate-10-mil-casos-de-cancer-por-ano-no-brasil\/148364","title":{"rendered":"Atividade f\u00edsica pode prevenir at\u00e9 10 mil casos de c\u00e2ncer por ano no Brasil"},"content":{"rendered":"<p> Felipe Maeda\u00a0 |\u00a0 Ag\u00eancia FAPESP* \u2013 At\u00e9 10 mil casos de c\u00e2ncer podem ser prevenidos por ano no Brasil a partir do aumento da pr\u00e1tica de <strong><em>atividade f\u00edsica<\/em><\/strong>, segundo estudo feito por pesquisadores do Departamento de Medicina Preventiva da Faculdade de Medicina da USP. O estudo foi feito em parceria com colegas das universidades Harvard (Estados Unidos), Cambridge (Reino Unido) e de Queensland (Austr\u00e1lia) e contou com\u00a0<b><\/b>.<\/p>\n<p>No Brasil, mais de 400 mil novos casos de c\u00e2ncer s\u00e3o diagnosticados por ano. \u201cAtualmente, h\u00e1 evid\u00eancias convincentes de que a atividade f\u00edsica est\u00e1 associada com redu\u00e7\u00e3o no risco dos c\u00e2nceres de mama (p\u00f3s-menopausa) e c\u00f3lon. Esses tipos de c\u00e2ncer est\u00e3o entre os mais frequentemente diagnosticados no Brasil\u201d, disse\u00a0<b><\/b>, doutorando na FMUSP e primeiro autor de artigo publicado na revista\u00a0<b><\/b>\u00a0com resultados do estudo.<\/p>\n<p>Rezende explica que a atividade f\u00edsica pode reduzir o risco de c\u00e2ncer por diversos mecanismos biol\u00f3gicos, como pela redu\u00e7\u00e3o da adiposidade, redu\u00e7\u00e3o de fatores pr\u00f3-inflamat\u00f3rios, redu\u00e7\u00e3o da insulina, da resist\u00eancia \u00e0 insulina e de fatores de crescimento semelhantes \u00e0 insulina, redu\u00e7\u00e3o de horm\u00f4nios sexuais e melhora da fun\u00e7\u00e3o imune.<\/p>\n<p>\u201cA redu\u00e7\u00e3o da adiposidade tamb\u00e9m teria um efeito nos demais mecanismos citados e, portanto, seria o principal mediador dessa rela\u00e7\u00e3o entre atividade f\u00edsica e c\u00e2ncer\u201d, disse \u00e0\u00a0<b>Ag\u00eancia FAPESP<\/b>.<\/p>\n<p>A rela\u00e7\u00e3o entre o excesso de peso e casos de c\u00e2ncer tamb\u00e9m foi descrita na pesquisa de Rezende e abordada anteriormente em\u00a0<b><\/b>\u00a0da\u00a0<b>Ag\u00eancia FAPESP<\/b>.<\/p>\n<p>Os pesquisadores procuraram estimar a propor\u00e7\u00e3o e o n\u00famero de casos de c\u00e2ncer de mama e c\u00f3lon que poderiam ser potencialmente prevenidos no Brasil por meio do aumento do n\u00edvel de atividade f\u00edsica na popula\u00e7\u00e3o.<\/p>\n<p>A pesquisa apontou que aproximadamente metade da popula\u00e7\u00e3o brasileira n\u00e3o atinge a recomenda\u00e7\u00e3o da Organiza\u00e7\u00e3o Mundial da Sa\u00fade (OMS) de pelo menos 150 minutos de atividade f\u00edsica por semana. Essa propor\u00e7\u00e3o \u00e9 maior em mulheres (51%) do que em homens (43%). O n\u00edvel de atividade f\u00edsica atual da popula\u00e7\u00e3o brasileira foi estimado a partir de dados da \u00faltima Pesquisa Nacional de Sa\u00fade, conduzida em 2013 pelo IBGE.<\/p>\n<p>Segundo Rezende, a partir desses dados, de uma extensa revis\u00e3o de literatura, e dos indicadores de incid\u00eancia de c\u00e2ncer publicados pelo Instituto Nacional do C\u00e2ncer e pela Ag\u00eancia Internacional de Pesquisa em C\u00e2ncer, foi poss\u00edvel estimar diferentes cen\u00e1rios de preven\u00e7\u00e3o de c\u00e2ncer por meio da atividade f\u00edsica.<\/p>\n<p>Os autores conclu\u00edram que at\u00e9 8,6 mil casos de c\u00e2ncer em mulheres e 1,7 mil casos de c\u00e2ncer em homens poderiam ser evitados por ano com aumento da atividade f\u00edsica na popula\u00e7\u00e3o. Esses casos de c\u00e2ncer correspondem a 19% da incid\u00eancia de c\u00e2ncer de c\u00f3lon e 12% da incid\u00eancia do c\u00e2ncer de mama no Brasil.<\/p>\n<p>Os estados do Rio de Janeiro, com 1.244 casos evit\u00e1veis, e S\u00e3o Paulo, com 2.587 casos evit\u00e1veis, segundo o estudo, poderiam evitar um maior n\u00famero de casos de c\u00e2ncer por meio do aumento da atividade f\u00edsica, em compara\u00e7\u00e3o aos demais estados brasileiros.<\/p>\n<p>Outro dado in\u00e9dito que os autores estimaram \u00e9 que cerca de 2,3 mil casos de c\u00e2ncer seriam evitados por ano atingindo pelo menos a recomenda\u00e7\u00e3o da OMS para atividade f\u00edsica e que 500 casos de c\u00e2ncer seriam evitados por ano por meio do aumento do n\u00edvel de atividade f\u00edsica das mulheres nos mesmos n\u00edveis observados nos homens.<\/p>\n<p>Os autores ainda ressaltam que essas estimativas est\u00e3o possivelmente subestimadas, uma vez que estudos recentes sugerem a poss\u00edvel rela\u00e7\u00e3o de atividade f\u00edsica com a redu\u00e7\u00e3o do risco de at\u00e9 13 tipos de c\u00e2ncer.<\/p>\n<p>*Com informa\u00e7\u00f5es da assessoria de comunica\u00e7\u00e3o do Departamento de Medicina Preventiva da Faculdade de Medicina da USP.<\/p>\n","protected":false},"excerpt":{"rendered":"<p>Felipe Maeda\u00a0 |\u00a0 Ag\u00eancia FAPESP* \u2013 At\u00e9 10 mil casos de c\u00e2ncer podem ser prevenidos por ano no Brasil a partir do aumento da pr\u00e1tica de atividade f\u00edsica, segundo estudo feito por pesquisadores do Departamento de Medicina Preventiva da Faculdade de Medicina da USP. O estudo foi feito em parceria com colegas das universidades Harvard [&hellip;]<\/p>\n","protected":false},"author":2,"featured_media":148275,"comment_status":"open","ping_status":"closed","sticky":false,"template":"","format":"standard","meta":{"tdm_status":"","tdm_grid_status":"","footnotes":""},"categories":[22,388,5],"tags":[],"class_list":{"0":"post-148364","1":"post","2":"type-post","3":"status-publish","4":"format-standard","5":"has-post-thumbnail","7":"category-brasil","8":"category-destaques","9":"category-saude-e-vida"},"_links":{"self":[{"href":"https:\/\/migracao.redenoticia.com.br\/noticia\/wp-json\/wp\/v2\/posts\/148364","targetHints":{"allow":["GET"]}}],"collection":[{"href":"https:\/\/migracao.redenoticia.com.br\/noticia\/wp-json\/wp\/v2\/posts"}],"about":[{"href":"https:\/\/migracao.redenoticia.com.br\/noticia\/wp-json\/wp\/v2\/types\/post"}],"author":[{"embeddable":true,"href":"https:\/\/migracao.redenoticia.com.br\/noticia\/wp-json\/wp\/v2\/users\/2"}],"replies":[{"embeddable":true,"href":"https:\/\/migracao.redenoticia.com.br\/noticia\/wp-json\/wp\/v2\/comments?post=148364"}],"version-history":[{"count":0,"href":"https:\/\/migracao.redenoticia.com.br\/noticia\/wp-json\/wp\/v2\/posts\/148364\/revisions"}],"wp:featuredmedia":[{"embeddable":true,"href":"https:\/\/migracao.redenoticia.com.br\/noticia\/wp-json\/wp\/v2\/media\/148275"}],"wp:attachment":[{"href":"https:\/\/migracao.redenoticia.com.br\/noticia\/wp-json\/wp\/v2\/media?parent=148364"}],"wp:term":[{"taxonomy":"category","embeddable":true,"href":"https:\/\/migracao.redenoticia.com.br\/noticia\/wp-json\/wp\/v2\/categories?post=148364"},{"taxonomy":"post_tag","embeddable":true,"href":"https:\/\/migracao.redenoticia.com.br\/noticia\/wp-json\/wp\/v2\/tags?post=148364"}],"curies":[{"name":"wp","href":"https:\/\/api.w.org\/{rel}","templated":true}]}}