{"id":14840,"date":"2009-10-22T13:47:11","date_gmt":"2009-10-22T17:47:11","guid":{"rendered":"http:\/\/www.redenoticia.com.br\/noticia\/?p=14840"},"modified":"2009-10-22T13:47:11","modified_gmt":"2009-10-22T17:47:11","slug":"inscricao-para-concurso-da-cesp-termina-nesta-sexta-2310","status":"publish","type":"post","link":"https:\/\/migracao.redenoticia.com.br\/noticia\/2009\/inscricao-para-concurso-da-cesp-termina-nesta-sexta-2310\/14840","title":{"rendered":"Inscri\u00e7\u00e3o para concurso da CESP termina nesta sexta (23\/10)"},"content":{"rendered":"<p>A Companhia Energ\u00e9tica de S\u00e3o Paulo (<strong>Cesp<\/strong>) est\u00e1 com <strong>inscri\u00e7\u00f5es<\/strong> abertas para <strong>concurso p\u00fablico<\/strong> com oferta de 201 vagas em cargos de todos os n\u00edveis de escolaridade. Os candidatos precisar\u00e3o se inscrever at\u00e9 23 de outubro, pela Internet, neste site, mediante pagamento da taxa de inscri\u00e7\u00e3o,\u00a0de R$ 30,00\u00a0a R$ 70,00, de acordo com a escolaridade do cargo escolhido.<\/p>\n<p>Os cargos com o maior n\u00famero de vagas s\u00e3o operador de subesta\u00e7\u00e3o de usina (36 vagas para Ilha Solteira, Jupi\u00e1, Porto Primavera e Paraibuna), secret\u00e1ria (21 para S\u00e3o Paulo, Paraibuna, Jupi\u00e1, Porto Primavera e Ilha Solteira), mec\u00e2nico (10 para Ilha Solteira, Jupi\u00e1 e Porto Primavera), engenheiro \u2013 eletrot\u00e9cnica (10 para S\u00e3o Paulo), eletricista (9 para Ilha Solteira, Jupi\u00e1, Porto Primavera e Paraibuna), t\u00e9cnico de administra\u00e7\u00e3o (9 para S\u00e3o Paulo, Jupi\u00e1 e Porto Primavera), analista de administra\u00e7\u00e3o (9 para S\u00e3o Paulo, Porto Primavera e Jupi\u00e1). As outras 97 vagas est\u00e3o relacionadas no edital, dispon\u00edvel para consulta neste site. Os sal\u00e1rios variam de R$ 1.193,60 a R$ 6.154,00.<\/p>\n<p>A aplica\u00e7\u00e3o da prova objetiva est\u00e1 prevista para 29 de novembro, \u00e0s 13 horas, nas cidades de S\u00e3o Paulo, Ilha Solteira e S\u00e3o Jos\u00e9 dos Campos.<\/p>\n<p>De acordo com a Lei Complementar n\u00b0 683, de 18 de setembro de 1992, ficam reservados 5% (cinco por cento) do total de vagas por fun\u00e7\u00e3o, para candidatos com defici\u00eancia.\u00a0<\/p>\n<p>O gabarito deve ser publicado dia 1\u00ba de dezembro e a publica\u00e7\u00e3o dos resultados est\u00e1 prevista para o dia 9 de janeiro de 2010.\u00a0<\/p>\n<p>A CESP oferece, com custo compartilhado com o empregado, os seguintes benef\u00edcios: Assist\u00eancia M\u00e9dica (Plano extensivo aos dependentes) Vale Alimenta\u00e7\u00e3o e Suplementa\u00e7\u00e3o de Aposentadoria (Previd\u00eancia Privada).\u00a0<\/p>\n<p>D\u00favidas referentes ao concurso p\u00fablico devem ser esclarecidas diretamente com a Vunesp por meio do site <a href=\"http:\/\/www.vunesp.com.br\/\" target=\"_blank\">www.vunesp.com.br<\/a> ou pelo Disque Vunesp, (11) 3874-6300.<\/p>\n<p>Da Cesp<\/p>\n","protected":false},"excerpt":{"rendered":"<p>A Companhia Energ\u00e9tica de S\u00e3o Paulo (Cesp) est\u00e1 com inscri\u00e7\u00f5es abertas para concurso p\u00fablico com oferta de 201 vagas em cargos de todos os n\u00edveis de escolaridade. Os candidatos precisar\u00e3o se inscrever at\u00e9 23 de outubro, pela Internet, neste site, mediante pagamento da taxa de inscri\u00e7\u00e3o,\u00a0de R$ 30,00\u00a0a R$ 70,00, de acordo com a escolaridade [&hellip;]<\/p>\n","protected":false},"author":3,"featured_media":0,"comment_status":"open","ping_status":"open","sticky":false,"template":"","format":"standard","meta":{"tdm_status":"","tdm_grid_status":"","footnotes":""},"categories":[22,352,370],"tags":[],"class_list":{"0":"post-14840","1":"post","2":"type-post","3":"status-publish","4":"format-standard","6":"category-brasil","7":"category-concursos","8":"category-inscricao"},"_links":{"self":[{"href":"https:\/\/migracao.redenoticia.com.br\/noticia\/wp-json\/wp\/v2\/posts\/14840","targetHints":{"allow":["GET"]}}],"collection":[{"href":"https:\/\/migracao.redenoticia.com.br\/noticia\/wp-json\/wp\/v2\/posts"}],"about":[{"href":"https:\/\/migracao.redenoticia.com.br\/noticia\/wp-json\/wp\/v2\/types\/post"}],"author":[{"embeddable":true,"href":"https:\/\/migracao.redenoticia.com.br\/noticia\/wp-json\/wp\/v2\/users\/3"}],"replies":[{"embeddable":true,"href":"https:\/\/migracao.redenoticia.com.br\/noticia\/wp-json\/wp\/v2\/comments?post=14840"}],"version-history":[{"count":0,"href":"https:\/\/migracao.redenoticia.com.br\/noticia\/wp-json\/wp\/v2\/posts\/14840\/revisions"}],"wp:attachment":[{"href":"https:\/\/migracao.redenoticia.com.br\/noticia\/wp-json\/wp\/v2\/media?parent=14840"}],"wp:term":[{"taxonomy":"category","embeddable":true,"href":"https:\/\/migracao.redenoticia.com.br\/noticia\/wp-json\/wp\/v2\/categories?post=14840"},{"taxonomy":"post_tag","embeddable":true,"href":"https:\/\/migracao.redenoticia.com.br\/noticia\/wp-json\/wp\/v2\/tags?post=14840"}],"curies":[{"name":"wp","href":"https:\/\/api.w.org\/{rel}","templated":true}]}}