{"id":14842,"date":"2009-10-22T13:50:00","date_gmt":"2009-10-22T17:50:00","guid":{"rendered":"http:\/\/www.redenoticia.com.br\/noticia\/?p=14842"},"modified":"2009-10-22T13:50:00","modified_gmt":"2009-10-22T17:50:00","slug":"unesp-abre-inscricao-do-concurso-publico-para-orientadores-de-disciplina","status":"publish","type":"post","link":"https:\/\/migracao.redenoticia.com.br\/noticia\/2009\/unesp-abre-inscricao-do-concurso-publico-para-orientadores-de-disciplina\/14842","title":{"rendered":"Unesp abre inscri\u00e7\u00e3o do concurso p\u00fablico para orientadores de disciplina"},"content":{"rendered":"<p>A Funda\u00e7\u00e3o de Desenvolvimento da <strong>Unesp<\/strong> (Fundunesp) abriu <strong>inscri\u00e7\u00f5es<\/strong> para\u00a0 os candidatos que quiserem disputar as 54 vagas de orientadores de disciplina &#8211; nome t\u00e9cnico com o qual est\u00e3o sendo designados os tutores. Os aprovados v\u00e3o trabalhar nas 21 cidades do Estado onde ser\u00e3o desenvolvidas atividades do curso semipresencial de Pedagogia, oferecido no Programa Universidade Virtual do Estado de S\u00e3o Paulo pela Universidade Estadual Paulista &#8220;J\u00falio de Mesquita Filho&#8221; (Unesp).\u00a0<\/p>\n<p>As inscri\u00e7\u00f5es j\u00e1 est\u00e3o abertas e os interessados poder\u00e3o se inscrever at\u00e9 \u00e0s 16 horas do dia 9 de novembro. Os candidatos devem ter curso superior completo e experi\u00eancia docente em ensino superior por, pelo menos, seis meses.\u00a0<\/p>\n<p>Para participar do processo, o candidato deve acessar o site da Vunesp (<a href=\"http:\/\/www.vunesp.com.br\/\" target=\"_blank\">http:\/\/www.vunesp.com.br\/<\/a>), preencher a ficha de inscri\u00e7\u00e3o, encaminhar os dados pela Internet, imprimir o boleto e fazer o pagamento de uma taxa de R$ 70,00 diretamente nos bancos. Quem n\u00e3o tem acesso \u00e0 internet, pode se inscrever na rede de postos do programa Acessa S\u00e3o Paulo, do Governo do Estado, que oferece computadores conectados \u00e0 web em 488 pontos na capital e interior (<a href=\"http:\/\/www.acessasp.sp.gov.br\/\" target=\"_blank\">http:\/\/www.acessasp.sp.gov.br\/<\/a>).\u00a0<\/p>\n<p>Os candidatos far\u00e3o uma prova objetiva e uma reda\u00e7\u00e3o no dia 6 de dezembro, \u00e0s 14 horas, al\u00e9m de uma avalia\u00e7\u00e3o posterior de t\u00edtulos. A prova ser\u00e1 aplicada nas cidades de Ara\u00e7atuba (2 vagas), Araraquara (2), Assis (2), Bauru (4), Botucatu (2), Dracena (2), Franca (2), Guaratinguet\u00e1 (4), Ilha Solteira (2), Itapeva (2), Jaboticabal (2), Ourinhos (2), Presidente Prudente (2), Registro (2), Rio Claro (2), Rosana (2), S\u00e3o Jos\u00e9 do Rio Preto (2), S\u00e3o Paulo (8), S\u00e3o Vicente (4), Sorocaba (2), Tup\u00e3 (2).\u00a0<\/p>\n<p>Os aprovados ser\u00e3o contratados em regime de CLT (Consolida\u00e7\u00e3o das Leis do Trabalho) e receber\u00e3o sal\u00e1rio de R$ 1.913,60 para uma jornada semanal de 24 horas. A Fundunesp oferece, tamb\u00e9m, benef\u00edcios como assist\u00eancia m\u00e9dica, vele-transporte e vale-alimenta\u00e7\u00e3o.\u00a0<\/p>\n<p>Da Unesp<\/p>\n","protected":false},"excerpt":{"rendered":"<p>A Funda\u00e7\u00e3o de Desenvolvimento da Unesp (Fundunesp) abriu inscri\u00e7\u00f5es para\u00a0 os candidatos que quiserem disputar as 54 vagas de orientadores de disciplina &#8211; nome t\u00e9cnico com o qual est\u00e3o sendo designados os tutores. Os aprovados v\u00e3o trabalhar nas 21 cidades do Estado onde ser\u00e3o desenvolvidas atividades do curso semipresencial de Pedagogia, oferecido no Programa Universidade [&hellip;]<\/p>\n","protected":false},"author":3,"featured_media":0,"comment_status":"open","ping_status":"open","sticky":false,"template":"","format":"standard","meta":{"tdm_status":"","tdm_grid_status":"","footnotes":""},"categories":[22,352,370],"tags":[],"class_list":{"0":"post-14842","1":"post","2":"type-post","3":"status-publish","4":"format-standard","6":"category-brasil","7":"category-concursos","8":"category-inscricao"},"_links":{"self":[{"href":"https:\/\/migracao.redenoticia.com.br\/noticia\/wp-json\/wp\/v2\/posts\/14842","targetHints":{"allow":["GET"]}}],"collection":[{"href":"https:\/\/migracao.redenoticia.com.br\/noticia\/wp-json\/wp\/v2\/posts"}],"about":[{"href":"https:\/\/migracao.redenoticia.com.br\/noticia\/wp-json\/wp\/v2\/types\/post"}],"author":[{"embeddable":true,"href":"https:\/\/migracao.redenoticia.com.br\/noticia\/wp-json\/wp\/v2\/users\/3"}],"replies":[{"embeddable":true,"href":"https:\/\/migracao.redenoticia.com.br\/noticia\/wp-json\/wp\/v2\/comments?post=14842"}],"version-history":[{"count":0,"href":"https:\/\/migracao.redenoticia.com.br\/noticia\/wp-json\/wp\/v2\/posts\/14842\/revisions"}],"wp:attachment":[{"href":"https:\/\/migracao.redenoticia.com.br\/noticia\/wp-json\/wp\/v2\/media?parent=14842"}],"wp:term":[{"taxonomy":"category","embeddable":true,"href":"https:\/\/migracao.redenoticia.com.br\/noticia\/wp-json\/wp\/v2\/categories?post=14842"},{"taxonomy":"post_tag","embeddable":true,"href":"https:\/\/migracao.redenoticia.com.br\/noticia\/wp-json\/wp\/v2\/tags?post=14842"}],"curies":[{"name":"wp","href":"https:\/\/api.w.org\/{rel}","templated":true}]}}