{"id":148447,"date":"2018-08-10T02:17:44","date_gmt":"2018-08-10T05:17:44","guid":{"rendered":"https:\/\/www.redenoticia.com.br\/noticia\/?p=148447"},"modified":"2018-08-10T02:29:55","modified_gmt":"2018-08-10T05:29:55","slug":"safra-deste-ano-deve-ser-57-menor-diz-ibge","status":"publish","type":"post","link":"https:\/\/migracao.redenoticia.com.br\/noticia\/2018\/safra-deste-ano-deve-ser-57-menor-diz-ibge\/148447","title":{"rendered":"Safra deste ano deve ser 5,7% menor, diz IBGE"},"content":{"rendered":"<p> A <strong><em>safra<\/em><\/strong> de cereais, leguminosas e oleaginosas do pa\u00eds deve fechar o ano com 226,8 milh\u00f5es de toneladas, 5,7% abaixo da produ\u00e7\u00e3o de 2017, segundo o Levantamento Sistem\u00e1tico da Produ\u00e7\u00e3o Agr\u00edcola de julho deste ano, divulgado pelo Instituto Brasileiro de Geografia e Estat\u00edstica (IBGE).<\/p>\n<p>A previs\u00e3o da pesquisa de julho \u00e9 0,5% (1,1 milh\u00e3o de toneladas) a menos do que estimativa a anterior, feita em junho pelo IBGE. A queda de junho para julho foi provocada por previs\u00f5es menos otimistas para as safras de milho (-1%), arroz (-0,2%), trigo (-4,1%), feij\u00e3o (-3,4%) e sorgo (-2,5%).<\/p>\n<p> A previs\u00e3o para a soja teve leve aumento em rela\u00e7\u00e3o a junho (0,1%). A melhora da estimativa do algod\u00e3o, de 1,3%, tamb\u00e9m contribuiu para evitar queda maior da previs\u00e3o da safra de cereais, leguminosas e oleaginosas.<\/p>\n<p>Na compara\u00e7\u00e3o com 2017, das tr\u00eas principais lavouras de gr\u00e3os do pa\u00eds, apenas a soja dever\u00e1 fechar o ano com alta em rela\u00e7\u00e3o a 2017 (1,2%). As outras duas dever\u00e3o ter queda: milho (-16,7%) e arroz (-7,3%).<\/p>\n<p>Outros produtos<\/p>\n<p>Produtos que n\u00e3o entram no c\u00e1lculo da safra de cereais, leguminosas e oleaginosas mas que t\u00eam peso importante na agricultura brasileira tamb\u00e9m s\u00e3o analisados pela pesquisa do IBGE.<\/p>\n<p>A cana-de-a\u00e7\u00facar \u00e9 o principal deles, j\u00e1 que \u00e9 o maior produto agr\u00edcola do pa\u00eds em volume. Para a cana, \u00e9 esperada uma safra 0,4% maior do que a de 2017. A proje\u00e7\u00e3o \u00e9, no entanto, 0,1% menor do que a feita em junho.<\/p>\n<p>O caf\u00e9 tamb\u00e9m dever\u00e1 ter alta em rela\u00e7\u00e3o a 2017, de 23,6%, um resultado tamb\u00e9m 0,1% menor do que o previsto na pesquisa de junho. Outro produto com esse comportamento \u00e9 o tomate, cuja produ\u00e7\u00e3o prevista em de julho \u00e9 2,1% do que a de junho e que, portanto, dever\u00e1 ter aumento de apenas 1,4% em rela\u00e7\u00e3o a 2017.<\/p>\n<p>Os demais produtos com produ\u00e7\u00e3o maior do que 1 milh\u00e3o de toneladas dever\u00e3o ter queda em rela\u00e7\u00e3o a 2017. A uva manteve a mesma proje\u00e7\u00e3o de junho, com queda estimada de 17,5% em rela\u00e7\u00e3o ao ano passado.<\/p>\n<p>Os outros com estimativa de queda em rela\u00e7\u00e3o a 2017 tamb\u00e9m tiveram recuo na previs\u00e3o de junho para julho: laranja (-0,3% em rela\u00e7\u00e3o a junho e -8,7% na compara\u00e7\u00e3o com 2017), banana (-1,2% em rela\u00e7\u00e3o a junho e -6,2% na compara\u00e7\u00e3o com 2017), mandioca (-3,6% em rela\u00e7\u00e3o a junho e -3,2% na compara\u00e7\u00e3o com 2017) e batata-inglesa (-0,2% em rela\u00e7\u00e3o a junho e -11,2% na compara\u00e7\u00e3o com 2017).<\/p>\n<p> Vitor Abdala \u2013 Rep\u00f3rter da Ag\u00eancia Brasil<br \/>\nEdi\u00e7\u00e3o: Gra\u00e7a Adjuto<br \/>\n10\/08\/2018<\/p>\n","protected":false},"excerpt":{"rendered":"<p>A safra de cereais, leguminosas e oleaginosas do pa\u00eds deve fechar o ano com 226,8 milh\u00f5es de toneladas, 5,7% abaixo da produ\u00e7\u00e3o de 2017, segundo o Levantamento Sistem\u00e1tico da Produ\u00e7\u00e3o Agr\u00edcola de julho deste ano, divulgado pelo Instituto Brasileiro de Geografia e Estat\u00edstica (IBGE). A previs\u00e3o da pesquisa de julho \u00e9 0,5% (1,1 milh\u00e3o de [&hellip;]<\/p>\n","protected":false},"author":2,"featured_media":148468,"comment_status":"open","ping_status":"closed","sticky":false,"template":"","format":"standard","meta":{"tdm_status":"","tdm_grid_status":"","footnotes":""},"categories":[22,388,7],"tags":[],"class_list":{"0":"post-148447","1":"post","2":"type-post","3":"status-publish","4":"format-standard","5":"has-post-thumbnail","7":"category-brasil","8":"category-destaques","9":"category-economia"},"_links":{"self":[{"href":"https:\/\/migracao.redenoticia.com.br\/noticia\/wp-json\/wp\/v2\/posts\/148447","targetHints":{"allow":["GET"]}}],"collection":[{"href":"https:\/\/migracao.redenoticia.com.br\/noticia\/wp-json\/wp\/v2\/posts"}],"about":[{"href":"https:\/\/migracao.redenoticia.com.br\/noticia\/wp-json\/wp\/v2\/types\/post"}],"author":[{"embeddable":true,"href":"https:\/\/migracao.redenoticia.com.br\/noticia\/wp-json\/wp\/v2\/users\/2"}],"replies":[{"embeddable":true,"href":"https:\/\/migracao.redenoticia.com.br\/noticia\/wp-json\/wp\/v2\/comments?post=148447"}],"version-history":[{"count":0,"href":"https:\/\/migracao.redenoticia.com.br\/noticia\/wp-json\/wp\/v2\/posts\/148447\/revisions"}],"wp:featuredmedia":[{"embeddable":true,"href":"https:\/\/migracao.redenoticia.com.br\/noticia\/wp-json\/wp\/v2\/media\/148468"}],"wp:attachment":[{"href":"https:\/\/migracao.redenoticia.com.br\/noticia\/wp-json\/wp\/v2\/media?parent=148447"}],"wp:term":[{"taxonomy":"category","embeddable":true,"href":"https:\/\/migracao.redenoticia.com.br\/noticia\/wp-json\/wp\/v2\/categories?post=148447"},{"taxonomy":"post_tag","embeddable":true,"href":"https:\/\/migracao.redenoticia.com.br\/noticia\/wp-json\/wp\/v2\/tags?post=148447"}],"curies":[{"name":"wp","href":"https:\/\/api.w.org\/{rel}","templated":true}]}}