{"id":148448,"date":"2018-08-10T02:18:43","date_gmt":"2018-08-10T05:18:43","guid":{"rendered":"https:\/\/www.redenoticia.com.br\/noticia\/?p=148448"},"modified":"2018-08-10T02:30:10","modified_gmt":"2018-08-10T05:30:10","slug":"indicador-de-clima-economico-recua-no-pais-diz-fgv","status":"publish","type":"post","link":"https:\/\/migracao.redenoticia.com.br\/noticia\/2018\/indicador-de-clima-economico-recua-no-pais-diz-fgv\/148448","title":{"rendered":"Indicador de clima econ\u00f4mico recua no pa\u00eds, diz FGV"},"content":{"rendered":"<p> O <strong><em>Indicador de Clima Econ\u00f4mico<\/em><\/strong> de julho deste ano do pa\u00eds passou de -11,4 pontos em abril para -45,9 pontos em julho. Segundo a Funda\u00e7\u00e3o Getulio Vargas (FGV), \u00e9 a segunda queda do \u00edndice, que estava em 4,3 pontos em janeiro, em uma escala que varia de -100 (pior avalia\u00e7\u00e3o) a +100 pontos (melhor avalia\u00e7\u00e3o). <\/p>\n<p>O resultado foi influenciado tanto pela avalia\u00e7\u00e3o dos especialistas sobre a situa\u00e7\u00e3o atual da economia brasileira quanto em rela\u00e7\u00e3o \u00e0s expectativas futuras. O \u00cdndice da Situa\u00e7\u00e3o Atual atingiu -88 pontos, apenas 12 pontos acima do n\u00edvel m\u00ednimo e abaixo do resultado de abril (-56,5 pontos), mostrando menor satisfa\u00e7\u00e3o. J\u00e1 o \u00cdndice de Expectativas recuou de 47,8 para 12 pontos.<\/p>\n<p>Na m\u00e9dia, o clima da Am\u00e9rica Latina em julho ficou em -21,1 pontos (abaixo dos -5,2 pontos de abril). Entre os 11 pa\u00edses da regi\u00e3o avaliados pela pesquisa, feita em parceria com o instituto alem\u00e3o Ifo, o Brasil teve o quarto pior Indicador de Clima Econ\u00f4mico, ficando acima apenas da Venezuela (-100 pontos), Equador (-60) e Argentina (-51,3).<\/p>\n<p>O melhor resultado da regi\u00e3o foi apresentado pela Col\u00f4mbia: 31,8 pontos. Entre os Brics, o Brasil teve o pior resultado, abaixo da \u00c1frica do Sul (-45,6 pontos), China (-25), R\u00fassia (-2,3) e \u00cdndia (16,6).<\/p>\n<p> Vitor Abdala \u2013 Rep\u00f3rter da Ag\u00eancia Brasil<br \/>\nEdi\u00e7\u00e3o: Maria Claudia<br \/>\n10\/08\/2018<\/p>\n","protected":false},"excerpt":{"rendered":"<p>O Indicador de Clima Econ\u00f4mico de julho deste ano do pa\u00eds passou de -11,4 pontos em abril para -45,9 pontos em julho. Segundo a Funda\u00e7\u00e3o Getulio Vargas (FGV), \u00e9 a segunda queda do \u00edndice, que estava em 4,3 pontos em janeiro, em uma escala que varia de -100 (pior avalia\u00e7\u00e3o) a +100 pontos (melhor avalia\u00e7\u00e3o). [&hellip;]<\/p>\n","protected":false},"author":2,"featured_media":148317,"comment_status":"open","ping_status":"closed","sticky":false,"template":"","format":"standard","meta":{"tdm_status":"","tdm_grid_status":"","footnotes":""},"categories":[22,7],"tags":[],"class_list":{"0":"post-148448","1":"post","2":"type-post","3":"status-publish","4":"format-standard","5":"has-post-thumbnail","7":"category-brasil","8":"category-economia"},"_links":{"self":[{"href":"https:\/\/migracao.redenoticia.com.br\/noticia\/wp-json\/wp\/v2\/posts\/148448","targetHints":{"allow":["GET"]}}],"collection":[{"href":"https:\/\/migracao.redenoticia.com.br\/noticia\/wp-json\/wp\/v2\/posts"}],"about":[{"href":"https:\/\/migracao.redenoticia.com.br\/noticia\/wp-json\/wp\/v2\/types\/post"}],"author":[{"embeddable":true,"href":"https:\/\/migracao.redenoticia.com.br\/noticia\/wp-json\/wp\/v2\/users\/2"}],"replies":[{"embeddable":true,"href":"https:\/\/migracao.redenoticia.com.br\/noticia\/wp-json\/wp\/v2\/comments?post=148448"}],"version-history":[{"count":0,"href":"https:\/\/migracao.redenoticia.com.br\/noticia\/wp-json\/wp\/v2\/posts\/148448\/revisions"}],"wp:featuredmedia":[{"embeddable":true,"href":"https:\/\/migracao.redenoticia.com.br\/noticia\/wp-json\/wp\/v2\/media\/148317"}],"wp:attachment":[{"href":"https:\/\/migracao.redenoticia.com.br\/noticia\/wp-json\/wp\/v2\/media?parent=148448"}],"wp:term":[{"taxonomy":"category","embeddable":true,"href":"https:\/\/migracao.redenoticia.com.br\/noticia\/wp-json\/wp\/v2\/categories?post=148448"},{"taxonomy":"post_tag","embeddable":true,"href":"https:\/\/migracao.redenoticia.com.br\/noticia\/wp-json\/wp\/v2\/tags?post=148448"}],"curies":[{"name":"wp","href":"https:\/\/api.w.org\/{rel}","templated":true}]}}