{"id":148478,"date":"2018-08-10T02:15:58","date_gmt":"2018-08-10T05:15:58","guid":{"rendered":"https:\/\/www.redenoticia.com.br\/noticia\/?p=148478"},"modified":"2018-08-10T02:31:15","modified_gmt":"2018-08-10T05:31:15","slug":"imperial-college-busca-diretores-para-programa-no-brasil","status":"publish","type":"post","link":"https:\/\/migracao.redenoticia.com.br\/noticia\/2018\/imperial-college-busca-diretores-para-programa-no-brasil\/148478","title":{"rendered":"Imperial College busca diretores para programa no Brasil"},"content":{"rendered":"<p>Ag\u00eancia FAPESP\u00a0\u2013 O Imperial College London est\u00e1 recrutando dois diretores para trabalhar em programa com as universidades brasileiras e a ind\u00fastria de petr\u00f3leo e g\u00e1s. As inscri\u00e7\u00f5es est\u00e3o abertas at\u00e9 31 de agosto de 2018. Uma das <strong><em>vagas \u00e9 para diretor<\/em><\/strong> acad\u00eamico, com previs\u00e3o de seis meses de contrato. O funcion\u00e1rio trabalhar\u00e1 com\u00a0stakeholders\u00a0brasileiros, incluindo \u00f3rg\u00e3os financiadores, ag\u00eancias governamentais e parceiros universit\u00e1rios, de modo a garantir o credenciamento nas principais \u00e1reas e temas de pesquisa.<\/p>\n<p>Al\u00e9m disso, o candidato contratado para o cargo de diretor acad\u00eamico trabalhar\u00e1 junto com o diretor de opera\u00e7\u00f5es e um gerente de programa para implementar um programa de pesquisa de classe mundial, consolidar as colabora\u00e7\u00f5es de pesquisa existentes e avaliar novas oportunidades de pesquisa com parceiros da ind\u00fastria e de pesquisa no Brasil.<\/p>\n<p>Exige-se para a vaga gradua\u00e7\u00e3o em alguma \u00e1rea relacionada com energia, engenharia, geoci\u00eancias ou pesquisa e desenvolvimento em computa\u00e7\u00e3o. O candidato deve ter experi\u00eancia de lideran\u00e7a em institui\u00e7\u00f5es acad\u00eamicas envolvidas com pesquisa nas \u00e1reas de tecnologia, engenharia e matem\u00e1tica, al\u00e9m de experi\u00eancia de trabalho com parceiros industriais, governo e \u00f3rg\u00e3os reguladores. Os interessados poder\u00e3o se inscrever pelo\u00a0.<\/p>\n<p>A outra vaga \u00e9 para diretor de opera\u00e7\u00f5es, tamb\u00e9m para seis meses. O selecionado assumir\u00e1 a responsabilidade de criar o escrit\u00f3rio do programa de pesquisa do Imperial College no Brasil, construindo a equipe principal e obtendo o credenciamento como uma institui\u00e7\u00e3o de pesquisa que pode realizar pesquisas qualificadas.<\/p>\n<p>O diretor de opera\u00e7\u00f5es ser\u00e1 diretamente respons\u00e1vel pela gest\u00e3o di\u00e1ria da primeira entidade de pesquisa do Imperial College fora do Reino Unido.<\/p>\n<p>As exig\u00eancias para essa vaga s\u00e3o as mesmas da vaga de diretor acad\u00eamico, com a diferen\u00e7a que para esta vaga se exige reputa\u00e7\u00e3o acad\u00eamica internacional no campo de energia e a vaga de diretor de opera\u00e7\u00f5es exige experi\u00eancia na cria\u00e7\u00e3o de sistemas e processos de neg\u00f3cio. As inscri\u00e7\u00f5es para essa vaga tamb\u00e9m podem ser feitas pelo\u00a0.<\/p>\n<p>Mais informa\u00e7\u00f5es:\u00a0\u00a0e\u00a0.<\/p>\n","protected":false},"excerpt":{"rendered":"<p>Ag\u00eancia FAPESP\u00a0\u2013 O Imperial College London est\u00e1 recrutando dois diretores para trabalhar em programa com as universidades brasileiras e a ind\u00fastria de petr\u00f3leo e g\u00e1s. As inscri\u00e7\u00f5es est\u00e3o abertas at\u00e9 31 de agosto de 2018. Uma das vagas \u00e9 para diretor acad\u00eamico, com previs\u00e3o de seis meses de contrato. O funcion\u00e1rio trabalhar\u00e1 com\u00a0stakeholders\u00a0brasileiros, incluindo \u00f3rg\u00e3os [&hellip;]<\/p>\n","protected":false},"author":2,"featured_media":148154,"comment_status":"open","ping_status":"closed","sticky":false,"template":"","format":"standard","meta":{"tdm_status":"","tdm_grid_status":"","footnotes":""},"categories":[370,353],"tags":[],"class_list":{"0":"post-148478","1":"post","2":"type-post","3":"status-publish","4":"format-standard","5":"has-post-thumbnail","7":"category-inscricao","8":"category-oportunidades"},"_links":{"self":[{"href":"https:\/\/migracao.redenoticia.com.br\/noticia\/wp-json\/wp\/v2\/posts\/148478","targetHints":{"allow":["GET"]}}],"collection":[{"href":"https:\/\/migracao.redenoticia.com.br\/noticia\/wp-json\/wp\/v2\/posts"}],"about":[{"href":"https:\/\/migracao.redenoticia.com.br\/noticia\/wp-json\/wp\/v2\/types\/post"}],"author":[{"embeddable":true,"href":"https:\/\/migracao.redenoticia.com.br\/noticia\/wp-json\/wp\/v2\/users\/2"}],"replies":[{"embeddable":true,"href":"https:\/\/migracao.redenoticia.com.br\/noticia\/wp-json\/wp\/v2\/comments?post=148478"}],"version-history":[{"count":0,"href":"https:\/\/migracao.redenoticia.com.br\/noticia\/wp-json\/wp\/v2\/posts\/148478\/revisions"}],"wp:featuredmedia":[{"embeddable":true,"href":"https:\/\/migracao.redenoticia.com.br\/noticia\/wp-json\/wp\/v2\/media\/148154"}],"wp:attachment":[{"href":"https:\/\/migracao.redenoticia.com.br\/noticia\/wp-json\/wp\/v2\/media?parent=148478"}],"wp:term":[{"taxonomy":"category","embeddable":true,"href":"https:\/\/migracao.redenoticia.com.br\/noticia\/wp-json\/wp\/v2\/categories?post=148478"},{"taxonomy":"post_tag","embeddable":true,"href":"https:\/\/migracao.redenoticia.com.br\/noticia\/wp-json\/wp\/v2\/tags?post=148478"}],"curies":[{"name":"wp","href":"https:\/\/api.w.org\/{rel}","templated":true}]}}