{"id":148487,"date":"2018-08-11T16:47:21","date_gmt":"2018-08-11T19:47:21","guid":{"rendered":"https:\/\/www.redenoticia.com.br\/noticia\/?p=148487"},"modified":"2018-08-11T19:59:18","modified_gmt":"2018-08-11T22:59:18","slug":"previsao-do-tempo-no-vale-do-paraiba-de-11-08-a-13-08","status":"publish","type":"post","link":"https:\/\/migracao.redenoticia.com.br\/noticia\/2018\/previsao-do-tempo-no-vale-do-paraiba-de-11-08-a-13-08\/148487","title":{"rendered":"Previs\u00e3o do tempo no Vale do Para\u00edba de 12\/08 a 13\/08"},"content":{"rendered":"<p><img loading=\"lazy\" decoding=\"async\" src=\"https:\/\/migracao.redenoticia.com.br\/noticia\/imagens\/previsao-tempo-vale-150x112.jpg\" alt=\"\" width=\"150\" height=\"112\" class=\"alignleft size-thumbnail wp-image-148476\" srcset=\"https:\/\/migracao.redenoticia.com.br\/noticia\/imagens\/previsao-tempo-vale-150x112.jpg 150w, https:\/\/migracao.redenoticia.com.br\/noticia\/imagens\/previsao-tempo-vale-265x198.jpg 265w, https:\/\/migracao.redenoticia.com.br\/noticia\/imagens\/previsao-tempo-vale-318x235.jpg 318w\" sizes=\"auto, (max-width: 150px) 100vw, 150px\" \/><em><strong>Previs\u00e3o do tempo<\/strong><\/em> no Vale do Para\u00edba, Litoral Norte e Serra na Mantiqueira, segundo o CPTEC\/INPE, no domingo (12\/08), na Serra da Mantiqueira poder\u00e1 ocorrer a forma\u00e7\u00e3o de geadas entre a madrugada e o in\u00edcio da manh\u00e3. Nas \u00e1reas do Vale do Para\u00edba o dia dever\u00e1 come\u00e7ar com presen\u00e7a de nevoeiros. Por\u00e9m, no decorrer do per\u00edodo, o sol dever\u00e1 predominar em grande parte da Regi\u00e3o, exceto no Litoral Norte, onde dever\u00e1 haver um aumento de nebulosidade. A temperatura m\u00ednima seguir\u00e1 baixa em toda a Regi\u00e3o e a m\u00e1xima estar\u00e1 est\u00e1vel. <\/p>\n<p>Tend\u00eancia para os pr\u00f3ximos dias: <\/p>\n<p>A tend\u00eancia \u00e9 que o in\u00edcio da pr\u00f3xima semana seja de sol entre nuvens com mais nebulosidade no Litoral Norte.As temperaturas apresentar\u00e3o uma gradativa eleva\u00e7\u00e3o. <\/p>\n<p>Previs\u00e3o do tempo CPTEC\/INPE\/MCTI<\/p>\n<p>&#8212;<br \/>\nO CPTEC (Centro de Previs\u00e3o de Tempo e Estudos Clim\u00e1ticos) do INPE (Instituto Nacional de Pesquisas Espaciais) \u00e9 o passaporte do Brasil para o primeiro mundo das previs\u00f5es meteorol\u00f3gicas. Com o novo supercomputador (CRAY XT6), rec\u00e9m adquirido, ser\u00e1 poss\u00edvel ao Centro melhorar a resolu\u00e7\u00e3o espacial dos modelos de previs\u00e3o de tempo, de clima sazonal, ambiental (qualidade do ar) e de proje\u00e7\u00f5es de cen\u00e1rios de mudan\u00e7as clim\u00e1ticas. O CPTEC j\u00e1 vem aperfei\u00e7oando seus modelos para que o novo supercomputador tamb\u00e9m possa gerar previs\u00f5es com mais dias de anteced\u00eancia, al\u00e9m de prever chuvas e eventos extremos com maior confiabilidade.<\/p>\n<p>O cluster UNA com 1100 processadores tem capacidade de processar at\u00e9 5.7 trilh\u00f5es de opera\u00e7\u00f5es aritm\u00e9ticas em ponto flutuante por segundo. Tudo isso, significa possibilidade de utilizar modelos num\u00e9ricos para simula\u00e7\u00e3o de tempo e clima, integrando informa\u00e7\u00f5es atmosf\u00e9ricas e oce\u00e2nicas. O resultado disso s\u00e3o previs\u00f5es de tempo confi\u00e1veis, para todo o pa\u00eds.<\/p>\n","protected":false},"excerpt":{"rendered":"<p>Previs\u00e3o do tempo no Vale do Para\u00edba, Litoral Norte e Serra na Mantiqueira, segundo o CPTEC\/INPE, no domingo (12\/08), na Serra da Mantiqueira poder\u00e1 ocorrer a forma\u00e7\u00e3o de geadas entre a madrugada e o in\u00edcio da manh\u00e3. Nas \u00e1reas do Vale do Para\u00edba o dia dever\u00e1 come\u00e7ar com presen\u00e7a de nevoeiros. Por\u00e9m, no decorrer do [&hellip;]<\/p>\n","protected":false},"author":2,"featured_media":148588,"comment_status":"open","ping_status":"closed","sticky":false,"template":"","format":"standard","meta":{"tdm_status":"","tdm_grid_status":"","footnotes":""},"categories":[327],"tags":[],"class_list":{"0":"post-148487","1":"post","2":"type-post","3":"status-publish","4":"format-standard","5":"has-post-thumbnail","7":"category-clima"},"_links":{"self":[{"href":"https:\/\/migracao.redenoticia.com.br\/noticia\/wp-json\/wp\/v2\/posts\/148487","targetHints":{"allow":["GET"]}}],"collection":[{"href":"https:\/\/migracao.redenoticia.com.br\/noticia\/wp-json\/wp\/v2\/posts"}],"about":[{"href":"https:\/\/migracao.redenoticia.com.br\/noticia\/wp-json\/wp\/v2\/types\/post"}],"author":[{"embeddable":true,"href":"https:\/\/migracao.redenoticia.com.br\/noticia\/wp-json\/wp\/v2\/users\/2"}],"replies":[{"embeddable":true,"href":"https:\/\/migracao.redenoticia.com.br\/noticia\/wp-json\/wp\/v2\/comments?post=148487"}],"version-history":[{"count":0,"href":"https:\/\/migracao.redenoticia.com.br\/noticia\/wp-json\/wp\/v2\/posts\/148487\/revisions"}],"wp:featuredmedia":[{"embeddable":true,"href":"https:\/\/migracao.redenoticia.com.br\/noticia\/wp-json\/wp\/v2\/media\/148588"}],"wp:attachment":[{"href":"https:\/\/migracao.redenoticia.com.br\/noticia\/wp-json\/wp\/v2\/media?parent=148487"}],"wp:term":[{"taxonomy":"category","embeddable":true,"href":"https:\/\/migracao.redenoticia.com.br\/noticia\/wp-json\/wp\/v2\/categories?post=148487"},{"taxonomy":"post_tag","embeddable":true,"href":"https:\/\/migracao.redenoticia.com.br\/noticia\/wp-json\/wp\/v2\/tags?post=148487"}],"curies":[{"name":"wp","href":"https:\/\/api.w.org\/{rel}","templated":true}]}}