{"id":148499,"date":"2023-07-27T20:11:22","date_gmt":"2023-07-27T23:11:22","guid":{"rendered":"https:\/\/www.redenoticia.com.br\/noticia\/?p=148499"},"modified":"2023-07-28T20:37:48","modified_gmt":"2023-07-28T23:37:48","slug":"previsao-do-tempo-e-temperatura-brasil","status":"publish","type":"post","link":"https:\/\/migracao.redenoticia.com.br\/noticia\/2023\/previsao-do-tempo-e-temperatura-brasil\/148499","title":{"rendered":"Previs\u00e3o do tempo para Agosto de 2023"},"content":{"rendered":"<p><img loading=\"lazy\" decoding=\"async\" class=\"aligncenter size-full wp-image-195969\" src=\"https:\/\/migracao.redenoticia.com.br\/noticia\/imagens\/saude-crianca-frio-caminhada.jpg\" alt=\"\" width=\"1280\" height=\"720\" srcset=\"https:\/\/migracao.redenoticia.com.br\/noticia\/imagens\/saude-crianca-frio-caminhada.jpg 1280w, https:\/\/migracao.redenoticia.com.br\/noticia\/imagens\/saude-crianca-frio-caminhada-250x140.jpg 250w, https:\/\/migracao.redenoticia.com.br\/noticia\/imagens\/saude-crianca-frio-caminhada-400x225.jpg 400w, https:\/\/migracao.redenoticia.com.br\/noticia\/imagens\/saude-crianca-frio-caminhada-768x432.jpg 768w, https:\/\/migracao.redenoticia.com.br\/noticia\/imagens\/saude-crianca-frio-caminhada-150x85.jpg 150w, https:\/\/migracao.redenoticia.com.br\/noticia\/imagens\/saude-crianca-frio-caminhada-696x392.jpg 696w, https:\/\/migracao.redenoticia.com.br\/noticia\/imagens\/saude-crianca-frio-caminhada-1068x601.jpg 1068w\" sizes=\"auto, (max-width: 1280px) 100vw, 1280px\" \/><\/p>\n<p><strong><em>O &#8220;Inmet&#8221;<\/em><\/strong> prev\u00ea que, em agosto, o volume de chuva ser\u00e1 pr\u00f3ximo ou ligeiramente abaixo da climatologia (m\u00e9dia hist\u00f3rica) do m\u00eas no Norte e Nordeste do Pa\u00eds, com valores abaixo de 100 mil\u00edmetros (mm) no noroeste da Regi\u00e3o Norte e costa leste do Nordeste.<\/p>\n<p>No oeste da Regi\u00e3o Nordeste, o tempo \u00e9 seco nesta \u00e9poca do ano, portanto, a previs\u00e3o \u00e9 de volume inferior a 20 mm ou nenhuma chuva em algumas localidades. Em \u00e1reas do Par\u00e1 e Amap\u00e1, a chuva pode ficar ligeiramente acima da m\u00e9dia, podendo ultrapassar 60 mm.<\/p>\n<p>Nas regi\u00f5es Centro-Oeste e Sudeste, devem predominar volumes pr\u00f3ximos ou ligeiramente abaixo da m\u00e9dia, por\u00e9m, n\u00e3o se descarta chuva localizada no litoral do Sudeste devido \u00e0 passagem de frentes frias pelo oceano, o que pode causar instabilidades. Neste per\u00edodo, a redu\u00e7\u00e3o de chuva na parte central do Pa\u00eds \u00e9 comum, assim como a diminui\u00e7\u00e3o da umidade relativa do ar e a eleva\u00e7\u00e3o das temperaturas m\u00e1ximas ao longo dos dias.<\/p>\n<p>Na Regi\u00e3o Sul, a previs\u00e3o \u00e9 de volumes pr\u00f3ximos ou acima da m\u00e9dia no leste dos tr\u00eas estados, com valores que podem superar 150 mm. <\/p>\n<p>J\u00e1 no noroeste e oeste do Paran\u00e1, a previs\u00e3o \u00e9 de chuva abaixo da m\u00e9dia hist\u00f3rica, com volumes inferiores a 70 mm. <\/p>\n<p>O INMET \u00e9 um \u00f3rg\u00e3o do Minist\u00e9rio da Agricultura, Pecu\u00e1ria e Abastecimento (MAPA) e representa o Brasil junto \u00e0 Organiza\u00e7\u00e3o Meteorol\u00f3gica Mundial (OMM) desde 1950.<\/p>\n","protected":false},"excerpt":{"rendered":"<p>O &#8220;Inmet&#8221; prev\u00ea que, em agosto, o volume de chuva ser\u00e1 pr\u00f3ximo ou ligeiramente abaixo da climatologia (m\u00e9dia hist\u00f3rica) do m\u00eas no Norte e Nordeste do Pa\u00eds, com valores abaixo de 100 mil\u00edmetros (mm) no noroeste da Regi\u00e3o Norte e costa leste do Nordeste. No oeste da Regi\u00e3o Nordeste, o tempo \u00e9 seco nesta \u00e9poca [&hellip;]<\/p>\n","protected":false},"author":3,"featured_media":196239,"comment_status":"closed","ping_status":"closed","sticky":false,"template":"","format":"standard","meta":{"tdm_status":"","tdm_grid_status":"","footnotes":""},"categories":[22,327,376,388],"tags":[486],"class_list":{"0":"post-148499","1":"post","2":"type-post","3":"status-publish","4":"format-standard","5":"has-post-thumbnail","7":"category-brasil","8":"category-clima","9":"category-clima-brasil","10":"category-destaques","11":"tag-previsao-do-tempo"},"_links":{"self":[{"href":"https:\/\/migracao.redenoticia.com.br\/noticia\/wp-json\/wp\/v2\/posts\/148499","targetHints":{"allow":["GET"]}}],"collection":[{"href":"https:\/\/migracao.redenoticia.com.br\/noticia\/wp-json\/wp\/v2\/posts"}],"about":[{"href":"https:\/\/migracao.redenoticia.com.br\/noticia\/wp-json\/wp\/v2\/types\/post"}],"author":[{"embeddable":true,"href":"https:\/\/migracao.redenoticia.com.br\/noticia\/wp-json\/wp\/v2\/users\/3"}],"replies":[{"embeddable":true,"href":"https:\/\/migracao.redenoticia.com.br\/noticia\/wp-json\/wp\/v2\/comments?post=148499"}],"version-history":[{"count":0,"href":"https:\/\/migracao.redenoticia.com.br\/noticia\/wp-json\/wp\/v2\/posts\/148499\/revisions"}],"wp:featuredmedia":[{"embeddable":true,"href":"https:\/\/migracao.redenoticia.com.br\/noticia\/wp-json\/wp\/v2\/media\/196239"}],"wp:attachment":[{"href":"https:\/\/migracao.redenoticia.com.br\/noticia\/wp-json\/wp\/v2\/media?parent=148499"}],"wp:term":[{"taxonomy":"category","embeddable":true,"href":"https:\/\/migracao.redenoticia.com.br\/noticia\/wp-json\/wp\/v2\/categories?post=148499"},{"taxonomy":"post_tag","embeddable":true,"href":"https:\/\/migracao.redenoticia.com.br\/noticia\/wp-json\/wp\/v2\/tags?post=148499"}],"curies":[{"name":"wp","href":"https:\/\/api.w.org\/{rel}","templated":true}]}}