{"id":148525,"date":"2018-08-11T00:29:02","date_gmt":"2018-08-11T03:29:02","guid":{"rendered":"https:\/\/www.redenoticia.com.br\/noticia\/?p=148525"},"modified":"2018-08-11T00:29:02","modified_gmt":"2018-08-11T03:29:02","slug":"resumo-novela-malhacao-13-08-heitor-flagra-tito-e-flora-na-intimidade","status":"publish","type":"post","link":"https:\/\/migracao.redenoticia.com.br\/noticia\/2018\/resumo-novela-malhacao-13-08-heitor-flagra-tito-e-flora-na-intimidade\/148525","title":{"rendered":"Resumo novela \u201cMalha\u00e7\u00e3o\u201d 13\/08: Heitor flagra Tito e Flora na intimidade"},"content":{"rendered":"<p> <img loading=\"lazy\" decoding=\"async\" class=\"alignleft size-thumbnail wp-image-134199\" src=\"https:\/\/migracao.redenoticia.com.br\/imagens\/malhacao-vidas-brasileiras-2018-resumo-novela-150x112.jpg\" alt=\"\" width=\"150\" height=\"112\" srcset=\"https:\/\/migracao.redenoticia.com.br\/noticia\/imagens\/malhacao-vidas-brasileiras-2018-resumo-novela-150x112.jpg 150w, https:\/\/migracao.redenoticia.com.br\/noticia\/imagens\/malhacao-vidas-brasileiras-2018-resumo-novela-265x198.jpg 265w\" sizes=\"auto, (max-width: 150px) 100vw, 150px\" \/><strong><em>Resumo novela \u201cMalha\u00e7\u00e3o\u201d 13\/08 <\/em><\/strong>: no cap\u00edtulo 112(*) da novela \u201cMalha\u00e7\u00e3o\u201d, resumo de segunda-feira, 13  de agosto, Tito tenta convencer Flora a se afastar do celular e das redes sociais por um tempo. Sofia se encanta por Garoto. P\u00e9rola admite para Maria Alice que sente saudades do pai. Garoto, Leandro e \u00c9rico combinam de ir ao Le Kebek e Jade sente ci\u00fame. Tito planeja uma surpresa para Flora em sua casa. <\/p>\n<p>Maria Alice pede a ajuda de Vin\u00edcius para estudar ingl\u00eas e Alex se voluntaria para ensin\u00e1-la franc\u00eas. Gabriela se prepara para viajar para um congresso. Paulo se preocupa por ter de cuidar sozinho de Mel. Brigitte ajuda Get\u00falio nos estudos. Heitor se encanta por Ol\u00edvia. Alex beija Maria Alice, mas ela se esquiva. Heitor leva Ol\u00edvia para sua casa e flagra Tito e Flora na intimidade.<\/p>\n<p>(*) edi\u00e7\u00e3o da Rede Globo, Novela \u201cMalha\u00e7\u00e3o\u201d, sujeito a altera\u00e7\u00e3o de data e conte\u00fado.<\/p>\n<p> Gabriela Fortes (Camila Morgado) \u00e9 uma professora absolutamente apaixonada pela profiss\u00e3o. Sua voca\u00e7\u00e3o vai al\u00e9m do of\u00edcio, est\u00e1 estampada na alma. Corajosa, traz consigo a jovem idealista do passado, que esperava mudar o mundo atrav\u00e9s do seu trabalho em sala de aula. H\u00e1 anos ensina Portugu\u00eas e Literatura no Col\u00e9gio Sapi\u00eancia, escola particular de Botafogo, zona sul do Rio de Janeiro. Apesar de muito envolvida com seus alunos, a cada dia fica mais evidente sua necessidade de se dedicar a um sonho antigo: contribuir com a educa\u00e7\u00e3o de adolescentes carentes, fazer a diferen\u00e7a na vida destes jovens, dando a eles uma possibilidade de um futuro diferente.<\/p>\n<p>E \u00e9 exatamente por ter muita coisa para lidar que, por vezes, deixa de lado sua pr\u00f3pria vida para estar mais pr\u00f3xima dos seus alunos. Casada com Paulo (Felipe Rocha) e m\u00e3e de tr\u00eas filhos \u2013 os g\u00eameos Flora (Jeniffer Oliveira) e Alex (Daniel Rangel) e a pequena Mel (Maria Rita) \u2013, Gabriela se tornou uma mulher mais pragm\u00e1tica. E sua fam\u00edlia se ressente da sua aus\u00eancia, cobrando a presen\u00e7a dela em casa.<\/p>\n<p>O clima em casa piora quando Gabriela \u00e9 surpreendida com uma not\u00edcia inesperada. Empolgada em liderar uma parceria entre o Col\u00e9gio Sapi\u00eancia e a ONG Percurso, que leva jovens de baixa renda para estudar em escolas particulares de alto rendimento, Gabriela descobre que o diretor da organiza\u00e7\u00e3o \u00e9 um grande amor do passado. Rafael (Carmo Dalla Vecchia) foi uma paix\u00e3o mal resolvida da adolesc\u00eancia, com quem dividia os mesmos ideais. O reencontro provoca um rebuli\u00e7o na vida de Gabriela e desestabiliza ainda mais o casamento, j\u00e1 que Paulo n\u00e3o conter\u00e1 seu ci\u00fame ao ver a esposa mergulhada na miss\u00e3o de fazer os novos alunos se destacarem na escola. <\/p>\n","protected":false},"excerpt":{"rendered":"<p>Resumo novela \u201cMalha\u00e7\u00e3o\u201d 13\/08 : no cap\u00edtulo 112(*) da novela \u201cMalha\u00e7\u00e3o\u201d, resumo de segunda-feira, 13 de agosto, Tito tenta convencer Flora a se afastar do celular e das redes sociais por um tempo. Sofia se encanta por Garoto. P\u00e9rola admite para Maria Alice que sente saudades do pai. Garoto, Leandro e \u00c9rico combinam de ir [&hellip;]<\/p>\n","protected":false},"author":2,"featured_media":134199,"comment_status":"open","ping_status":"closed","sticky":false,"template":"","format":"standard","meta":{"tdm_status":"","tdm_grid_status":"","footnotes":""},"categories":[447,379,375,343],"tags":[441],"class_list":{"0":"post-148525","1":"post","2":"type-post","3":"status-publish","4":"format-standard","5":"has-post-thumbnail","7":"category-malhacao","8":"category-novelas","9":"category-rede-globo","10":"category-televisao","11":"tag-resumo-do-dia"},"_links":{"self":[{"href":"https:\/\/migracao.redenoticia.com.br\/noticia\/wp-json\/wp\/v2\/posts\/148525","targetHints":{"allow":["GET"]}}],"collection":[{"href":"https:\/\/migracao.redenoticia.com.br\/noticia\/wp-json\/wp\/v2\/posts"}],"about":[{"href":"https:\/\/migracao.redenoticia.com.br\/noticia\/wp-json\/wp\/v2\/types\/post"}],"author":[{"embeddable":true,"href":"https:\/\/migracao.redenoticia.com.br\/noticia\/wp-json\/wp\/v2\/users\/2"}],"replies":[{"embeddable":true,"href":"https:\/\/migracao.redenoticia.com.br\/noticia\/wp-json\/wp\/v2\/comments?post=148525"}],"version-history":[{"count":0,"href":"https:\/\/migracao.redenoticia.com.br\/noticia\/wp-json\/wp\/v2\/posts\/148525\/revisions"}],"wp:featuredmedia":[{"embeddable":true,"href":"https:\/\/migracao.redenoticia.com.br\/noticia\/wp-json\/wp\/v2\/media\/134199"}],"wp:attachment":[{"href":"https:\/\/migracao.redenoticia.com.br\/noticia\/wp-json\/wp\/v2\/media?parent=148525"}],"wp:term":[{"taxonomy":"category","embeddable":true,"href":"https:\/\/migracao.redenoticia.com.br\/noticia\/wp-json\/wp\/v2\/categories?post=148525"},{"taxonomy":"post_tag","embeddable":true,"href":"https:\/\/migracao.redenoticia.com.br\/noticia\/wp-json\/wp\/v2\/tags?post=148525"}],"curies":[{"name":"wp","href":"https:\/\/api.w.org\/{rel}","templated":true}]}}