{"id":148528,"date":"2018-08-11T00:02:12","date_gmt":"2018-08-11T03:02:12","guid":{"rendered":"https:\/\/www.redenoticia.com.br\/noticia\/?p=148528"},"modified":"2018-08-11T00:02:12","modified_gmt":"2018-08-11T03:02:12","slug":"resumo-novela-chiquititas-13-08-comeca-a-votacao-do-novo-gremio-do-colegio","status":"publish","type":"post","link":"https:\/\/migracao.redenoticia.com.br\/noticia\/2018\/resumo-novela-chiquititas-13-08-comeca-a-votacao-do-novo-gremio-do-colegio\/148528","title":{"rendered":"Resumo novela \u201cChiquititas\u201d 13\/08: come\u00e7a a vota\u00e7\u00e3o do novo Gr\u00eamio do col\u00e9gio"},"content":{"rendered":"<p> <img loading=\"lazy\" decoding=\"async\" class=\"alignleft size-thumbnail wp-image-49690\" src=\"http:\/\/www.redenoticia.com.br\/noticia\/imagens\/chiquititas1-150x112.jpg\" alt=\"chiquititas\" width=\"150\" height=\"112\" \/><strong><em>Resumo novela \u201cChiquititas\u201d 13\/08 <\/em><\/strong>: no cap\u00edtulo 500(*) da novela \u201cChiquititas\u201d, resumo de segunda-feira, 13 de agosto, Vivi e Tati tomam caf\u00e9 da manh\u00e3 na casa de Shirley e contam para C\u00edcero que adoraram passar o dia l\u00e1. Carol explica para Junior que voltou a trabalhar no orfanato para ficar pr\u00f3xima das chiquititas e tomar conta delas. Junior diz ter certeza que a ideia de coloc\u00e1-la como faxineira foi da tia, Carmen. Janj\u00e3o, Marian, Tatu e Janu ficam irritados com a publica\u00e7\u00e3o da mat\u00e9ria. Eduarda acha que Maria Cec\u00edlia precisa procurar um m\u00e9dico devido o agravamento de seu TOC. Tamires e T\u00e1bata levam a m\u00e3e, Gilda, at\u00e9 o Caf\u00e9 Boutique. <\/p>\n<p>A mulher conhece os namorados da filha, Beto e Francis. Na escola, Mosca exige uma nova elei\u00e7\u00e3o para um gr\u00eamio que n\u00e3o seja corrupto. Junior conta para Gabriela que Carmen colocou Carol como faxineira do orfanato. Junior diz que acha que est\u00e1 perdendo o grande amor de sua vida. Come\u00e7a a vota\u00e7\u00e3o do novo Gr\u00eamio. Andreia vai at\u00e9 o orfanato. Gilda tenta falar com Maria Cec\u00edlia, mas percebe que a ex-esposa de Tobias est\u00e1 com comportamento frio. O Gr\u00eamio da chapa SuperA\u00e7\u00e3o, das chiquititas, vence as elei\u00e7\u00f5es. <\/p>\n<p>Carol pede para Andreia, que est\u00e1 na dire\u00e7\u00e3o com Cintia e Carmen, controlar Diego, que est\u00e1 sujando todo o orfanato. Carmen diz que se o garoto sujar, ela que limpe tudo novamente. Carol sai da diretoria e escuta Carmen e Cintia rindo dela. Bia conta que est\u00e1 torcendo para Geraldo adot\u00e1-la. Neco visita L\u00facia mais uma vez e percebe que a menina continua sonolenta ao tomar v\u00e1rios rem\u00e9dios. Neco anota o nome dos medicamentos para descobrir para que eles servem.<\/p>\n<p>(*) edi\u00e7\u00e3o do SBT, Novela \u201cChiquititas\u201d, sujeito a altera\u00e7\u00e3o de data e conte\u00fado.<\/p>\n<p>Chiquititas gira em torno do orfanato Raio de Luz, que carrega em sua hist\u00f3ria um grande segredo envolvendo a fam\u00edlia e o dono do orfanato, Dr. Jos\u00e9 Ricardo Almeida Campos. Em um per\u00edodo anterior \u00e0 novela, exatos treze anos, sua filha Gabriela se apaixonou e ficou gr\u00e1vida de Miguel, filho de Valentina, empregada da casa dos Almeida Campos. Pouco depois, Jos\u00e9 Ricardo sequestrou sua neta, pois, como um homem conservador, ele n\u00e3o aceitava a ideia de que sua filha se envolvesse com um empregado. Como sua neta, Milena, apelidada como Mili, precisava de um lugar para morar, ele comprou um casar\u00e3o e fundou um orfanato, o Raio de Luz. <\/p>\n<p>Mili cresceu l\u00e1 com outras garotas que chegaram posteriormente: Bia, Ana, as irm\u00e3s Tati e Vivi, e Cris. Ao decorrer dos anos, elas se tornam uma fam\u00edlia. Elas s\u00e3o supervisionadas por Ernestina, zeladora do orfanato, e Chico, o cozinheiro amado pelas internas. Sofia, ex-governanta da fam\u00edlia Almeida Campos, \u00e9 a diretora do lugar, at\u00e9 que Carmem, irm\u00e3 de Jos\u00e9 Ricardo, entre em seu lugar. Chegam ainda mais \u00f3rf\u00e3os: Pata, Mosca, Binho e Rafa, que viviam nas ruas antes de entrarem na institui\u00e7\u00e3o. Pata e Mili tornam-se amigas rapidamente, enquanto Mosca, Binho e Rafa s\u00e3o os primeiros garotos a entrar no abrigo. As crian\u00e7as sem-teto foram ajudadas por uma doce e bela garota que tocam e mudam a vida delas, assim como as das garotas \u00f3rf\u00e3s.<\/p>\n","protected":false},"excerpt":{"rendered":"<p>Resumo novela \u201cChiquititas\u201d 13\/08 : no cap\u00edtulo 500(*) da novela \u201cChiquititas\u201d, resumo de segunda-feira, 13 de agosto, Vivi e Tati tomam caf\u00e9 da manh\u00e3 na casa de Shirley e contam para C\u00edcero que adoraram passar o dia l\u00e1. Carol explica para Junior que voltou a trabalhar no orfanato para ficar pr\u00f3xima das chiquititas e tomar [&hellip;]<\/p>\n","protected":false},"author":2,"featured_media":49690,"comment_status":"open","ping_status":"closed","sticky":false,"template":"","format":"standard","meta":{"tdm_status":"","tdm_grid_status":"","footnotes":""},"categories":[409,379,372,343],"tags":[441],"class_list":{"0":"post-148528","1":"post","2":"type-post","3":"status-publish","4":"format-standard","5":"has-post-thumbnail","7":"category-chiquititas","8":"category-novelas","9":"category-sbt","10":"category-televisao","11":"tag-resumo-do-dia"},"_links":{"self":[{"href":"https:\/\/migracao.redenoticia.com.br\/noticia\/wp-json\/wp\/v2\/posts\/148528","targetHints":{"allow":["GET"]}}],"collection":[{"href":"https:\/\/migracao.redenoticia.com.br\/noticia\/wp-json\/wp\/v2\/posts"}],"about":[{"href":"https:\/\/migracao.redenoticia.com.br\/noticia\/wp-json\/wp\/v2\/types\/post"}],"author":[{"embeddable":true,"href":"https:\/\/migracao.redenoticia.com.br\/noticia\/wp-json\/wp\/v2\/users\/2"}],"replies":[{"embeddable":true,"href":"https:\/\/migracao.redenoticia.com.br\/noticia\/wp-json\/wp\/v2\/comments?post=148528"}],"version-history":[{"count":0,"href":"https:\/\/migracao.redenoticia.com.br\/noticia\/wp-json\/wp\/v2\/posts\/148528\/revisions"}],"wp:featuredmedia":[{"embeddable":true,"href":"https:\/\/migracao.redenoticia.com.br\/noticia\/wp-json\/wp\/v2\/media\/49690"}],"wp:attachment":[{"href":"https:\/\/migracao.redenoticia.com.br\/noticia\/wp-json\/wp\/v2\/media?parent=148528"}],"wp:term":[{"taxonomy":"category","embeddable":true,"href":"https:\/\/migracao.redenoticia.com.br\/noticia\/wp-json\/wp\/v2\/categories?post=148528"},{"taxonomy":"post_tag","embeddable":true,"href":"https:\/\/migracao.redenoticia.com.br\/noticia\/wp-json\/wp\/v2\/tags?post=148528"}],"curies":[{"name":"wp","href":"https:\/\/api.w.org\/{rel}","templated":true}]}}