{"id":148529,"date":"2018-08-11T00:03:04","date_gmt":"2018-08-11T03:03:04","guid":{"rendered":"https:\/\/www.redenoticia.com.br\/noticia\/?p=148529"},"modified":"2018-08-11T00:03:04","modified_gmt":"2018-08-11T03:03:04","slug":"resumo-novela-carrossel-13-08-maria-joaquina-pede-para-cirilo-esquece-la","status":"publish","type":"post","link":"https:\/\/migracao.redenoticia.com.br\/noticia\/2018\/resumo-novela-carrossel-13-08-maria-joaquina-pede-para-cirilo-esquece-la\/148529","title":{"rendered":"Resumo novela \u201cCarrossel\u201d 13\/08: Maria Joaquina pede para Cirilo esquec\u00ea-la"},"content":{"rendered":"<p> <img loading=\"lazy\" decoding=\"async\" src=\"https:\/\/migracao.redenoticia.com.br\/imagens\/Carrossel_resumo_novela_sbt-150x112.jpg\" alt=\"\" width=\"150\" height=\"112\" class=\"alignleft size-thumbnail wp-image-82147\" srcset=\"https:\/\/migracao.redenoticia.com.br\/noticia\/imagens\/Carrossel_resumo_novela_sbt-150x112.jpg 150w, https:\/\/migracao.redenoticia.com.br\/noticia\/imagens\/Carrossel_resumo_novela_sbt-265x198.jpg 265w\" sizes=\"auto, (max-width: 150px) 100vw, 150px\" \/><strong><em>Resumo novela \u201cCarrossel\u201d 13\/08 <\/em><\/strong>: no cap\u00edtulo 006(*) da novela \u201cCarrossel\u201d, segunda-feira, 13 de agosto, Val\u00e9ria comenta com as meninas que Maria Joaquina trata Cirilo mal porque ele tem a cor diferente. Cirilo ouve a conversa. Maria Joaquina pergunta a Daniel por que ele deu o convite a Cirilo. Maria Joaquina fala a Daniel que mesmo com o convite Cirilo n\u00e3o entrar\u00e1 em sua festa. Maria Joaquina chama Cirilo para uma conversa e pede o convite de volta. Cirilo devolve e Maria Joaquina rasga o convite e joga na cara dele. Helena percebe a tristeza de Cirilo na sala de aula. Maria Joaquina diz a Daniel que uma pessoa como Cirilo nunca entrar\u00e1 em sua festa. <\/p>\n<p>Firmino conta a Helena que Maria Joaquina pediu o convite de Cirilo, rasgou e jogou na cara do garoto. Helena pede para os alunos escreverem um poema. Cirilo diz que n\u00e3o vai fazer o exerc\u00edcio, pois est\u00e1 sentindo uma dor no cora\u00e7\u00e3o. Helena diz para Cirilo escrever sobre sua dor. Helena pede para os alunos lerem os poemas. Ol\u00edvia ouve Gra\u00e7a falando a Firmino que professora Helena daria uma \u00f3tima diretora. Cirilo faz um poema a Maria Joaquina, que levanta e pede para Cirilo esquec\u00ea-la de uma vez por todas. <\/p>\n<p>Helena diz para Maria Joaquina que precisa conversar com o pai dela e escreve um bilhete para Miguel na agenda da menina. Professora Helena diz para Maria Joaquina pedir desculpas a Cirilo. Maria Joaquina enfrenta Helena e afirma que n\u00e3o fez nada de errado. Ol\u00edvia pergunta a Gra\u00e7a se ela insinuou que Helena \u00e9 melhor que ela. Camen pergunta ao pai o que vai acontecer com ele e mam\u00e3e. Maria Joaquina d\u00e1 o recado de Helena ao pai. Miguel d\u00e1 um bronca em Maria Joaquina e afirma que ela n\u00e3o pode tratar mal o Cirilo.<\/p>\n<p>(*) edi\u00e7\u00e3o do SBT, Novela \u201cCarrossel\u201d, sujeito a altera\u00e7\u00e3o de data e conte\u00fado.<\/p>\n","protected":false},"excerpt":{"rendered":"<p>Resumo novela \u201cCarrossel\u201d 13\/08 : no cap\u00edtulo 006(*) da novela \u201cCarrossel\u201d, segunda-feira, 13 de agosto, Val\u00e9ria comenta com as meninas que Maria Joaquina trata Cirilo mal porque ele tem a cor diferente. Cirilo ouve a conversa. Maria Joaquina pergunta a Daniel por que ele deu o convite a Cirilo. Maria Joaquina fala a Daniel que [&hellip;]<\/p>\n","protected":false},"author":2,"featured_media":82147,"comment_status":"open","ping_status":"closed","sticky":false,"template":"","format":"standard","meta":{"tdm_status":"","tdm_grid_status":"","footnotes":""},"categories":[503,379,372,343],"tags":[441],"class_list":{"0":"post-148529","1":"post","2":"type-post","3":"status-publish","4":"format-standard","5":"has-post-thumbnail","7":"category-carrossel","8":"category-novelas","9":"category-sbt","10":"category-televisao","11":"tag-resumo-do-dia"},"_links":{"self":[{"href":"https:\/\/migracao.redenoticia.com.br\/noticia\/wp-json\/wp\/v2\/posts\/148529","targetHints":{"allow":["GET"]}}],"collection":[{"href":"https:\/\/migracao.redenoticia.com.br\/noticia\/wp-json\/wp\/v2\/posts"}],"about":[{"href":"https:\/\/migracao.redenoticia.com.br\/noticia\/wp-json\/wp\/v2\/types\/post"}],"author":[{"embeddable":true,"href":"https:\/\/migracao.redenoticia.com.br\/noticia\/wp-json\/wp\/v2\/users\/2"}],"replies":[{"embeddable":true,"href":"https:\/\/migracao.redenoticia.com.br\/noticia\/wp-json\/wp\/v2\/comments?post=148529"}],"version-history":[{"count":0,"href":"https:\/\/migracao.redenoticia.com.br\/noticia\/wp-json\/wp\/v2\/posts\/148529\/revisions"}],"wp:featuredmedia":[{"embeddable":true,"href":"https:\/\/migracao.redenoticia.com.br\/noticia\/wp-json\/wp\/v2\/media\/82147"}],"wp:attachment":[{"href":"https:\/\/migracao.redenoticia.com.br\/noticia\/wp-json\/wp\/v2\/media?parent=148529"}],"wp:term":[{"taxonomy":"category","embeddable":true,"href":"https:\/\/migracao.redenoticia.com.br\/noticia\/wp-json\/wp\/v2\/categories?post=148529"},{"taxonomy":"post_tag","embeddable":true,"href":"https:\/\/migracao.redenoticia.com.br\/noticia\/wp-json\/wp\/v2\/tags?post=148529"}],"curies":[{"name":"wp","href":"https:\/\/api.w.org\/{rel}","templated":true}]}}