{"id":148530,"date":"2018-08-11T00:23:13","date_gmt":"2018-08-11T03:23:13","guid":{"rendered":"https:\/\/www.redenoticia.com.br\/noticia\/?p=148530"},"modified":"2018-08-11T00:23:13","modified_gmt":"2018-08-11T03:23:13","slug":"resumo-novela-que-pobres-tao-ricos-13-08-adolfo-consegue-investidores","status":"publish","type":"post","link":"https:\/\/migracao.redenoticia.com.br\/noticia\/2018\/resumo-novela-que-pobres-tao-ricos-13-08-adolfo-consegue-investidores\/148530","title":{"rendered":"Resumo novela \u201cQue Pobres T\u00e3o Ricos\u201d 13\/08: Adolfo consegue investidores"},"content":{"rendered":"<p> <img loading=\"lazy\" decoding=\"async\" src=\"https:\/\/migracao.redenoticia.com.br\/imagens\/que-pobres-tao-ricos-novela-resumo-sbt-150x112.jpg\" alt=\"\" width=\"150\" height=\"112\" class=\"alignleft size-thumbnail wp-image-146219\" srcset=\"https:\/\/migracao.redenoticia.com.br\/noticia\/imagens\/que-pobres-tao-ricos-novela-resumo-sbt-150x112.jpg 150w, https:\/\/migracao.redenoticia.com.br\/noticia\/imagens\/que-pobres-tao-ricos-novela-resumo-sbt-265x198.jpg 265w\" sizes=\"auto, (max-width: 150px) 100vw, 150px\" \/><strong><em>Resumo novela \u201cQue Pobres T\u00e3o Ricos\u201d 13\/08 <\/em><\/strong>: no cap\u00edtulo 016(*) da novela \u201cQue Pobres T\u00e3o Ricos\u201d, resumo de segunda-feira, 13 de agosto, Jesus aceita que a av\u00f3 de Miguel more com eles, depois de Matilde recordar os momentos de gl\u00f3ria do \u201cfilho de Sumatra\u201d no ringue. Ana Sofia e Frida dividem o mesmo quarto, enquanto Miguel e Leonardo v\u00e3o dormir no terra\u00e7o. Miguel e Lupita fazem contas da d\u00edvida. Nepomuceno chega de surpresa, pergunta a Lupita sobre seus parentes e n\u00e3o perde a chance de cortej\u00e1-la. Matilde e Emiliano se adotam como se fossem av\u00f3 e neto. <\/p>\n<p>Miguel e Lupita chegam a um denominador comum sobre o montante da d\u00edvida. Alex ordena que Vilma localize Adolfo e consiga mais dinheiro para os neg\u00f3cios. Adolfo consegue investidores em troca de prote\u00e7\u00e3o. Wendy conversa com Nepo sobre os familiares dos Mendon\u00e7a que vivem nos Estados Unidos e comenta que Miguel \u00c2ngelo \u00e9 muito bonito. Isabel agradece a Alex pelo casamento suntuoso que ele ter\u00e1 com sua filha. Enquanto isso, Minerva ainda pensa em Miguel, mas est\u00e1 certa de que precisa se casar com Alex, para fugir da mis\u00e9ria.<\/p>\n<p>(*) edi\u00e7\u00e3o do SBT, Novela \u201cQue Pobres T\u00e3o Ricos\u201d, sujeito a altera\u00e7\u00e3o de data e conte\u00fado.<\/p>\n<p>\u201cQue Pobres T\u00e3o Ricos\u201d \u00e9 uma hist\u00f3ria de amor, romance, encontros e desencontros e um sem n\u00famero de divertidos enredos entre duas fam\u00edlias que n\u00e3o tem nada em comum, mas que agora estar\u00e3o obrigadas a conviver na mesma casa. De um lado, os Ruizpalacios, milion\u00e1rios de linhagem, e do outro, os Menchaca, uma cl\u00e1ssica fam\u00edlia de bairro.<\/p>\n<p>Todo come\u00e7ou diante da incapacidade da av\u00f3 Mati Ruizpalacios, de seguir em frente da empresa familiar. E \u00e9 assim que Miguel \u00c2ngelo, seu neto consentido, que leva 11 anos vivendo em Londres, retorna ao M\u00e9xico para a leitura de uma cl\u00e1usula do testamento do seu av\u00f4 Don Aureliano, que dita: &#8220;Herdar\u00e1 o cons\u00f3rcio o primeiro de meus netos que esteja formalmente casado e tenha um filho var\u00e3o&#8221;.<\/p>\n<p>\u00c9 ent\u00e3o que, sem pretender, Miguel \u00c2ngelo ter\u00e1 em seu primo Alejo, um ambicioso inimigo que o envolver\u00e1 em uma fraude, e assim provocar\u00e1 que Miguel \u00c2ngelo e sua fam\u00edlia percam sua fortuna, al\u00e9m de todas suas propriedades, ficando s\u00f3 com um terreno na col\u00f4nia La Nopalera, onde, para sua surpresa, hoje vivem os Menchaca.<\/p>\n","protected":false},"excerpt":{"rendered":"<p>Resumo novela \u201cQue Pobres T\u00e3o Ricos\u201d 13\/08 : no cap\u00edtulo 016(*) da novela \u201cQue Pobres T\u00e3o Ricos\u201d, resumo de segunda-feira, 13 de agosto, Jesus aceita que a av\u00f3 de Miguel more com eles, depois de Matilde recordar os momentos de gl\u00f3ria do \u201cfilho de Sumatra\u201d no ringue. Ana Sofia e Frida dividem o mesmo quarto, [&hellip;]<\/p>\n","protected":false},"author":2,"featured_media":146219,"comment_status":"open","ping_status":"closed","sticky":false,"template":"","format":"standard","meta":{"tdm_status":"","tdm_grid_status":"","footnotes":""},"categories":[379,372,343],"tags":[441],"class_list":{"0":"post-148530","1":"post","2":"type-post","3":"status-publish","4":"format-standard","5":"has-post-thumbnail","7":"category-novelas","8":"category-sbt","9":"category-televisao","10":"tag-resumo-do-dia"},"_links":{"self":[{"href":"https:\/\/migracao.redenoticia.com.br\/noticia\/wp-json\/wp\/v2\/posts\/148530","targetHints":{"allow":["GET"]}}],"collection":[{"href":"https:\/\/migracao.redenoticia.com.br\/noticia\/wp-json\/wp\/v2\/posts"}],"about":[{"href":"https:\/\/migracao.redenoticia.com.br\/noticia\/wp-json\/wp\/v2\/types\/post"}],"author":[{"embeddable":true,"href":"https:\/\/migracao.redenoticia.com.br\/noticia\/wp-json\/wp\/v2\/users\/2"}],"replies":[{"embeddable":true,"href":"https:\/\/migracao.redenoticia.com.br\/noticia\/wp-json\/wp\/v2\/comments?post=148530"}],"version-history":[{"count":0,"href":"https:\/\/migracao.redenoticia.com.br\/noticia\/wp-json\/wp\/v2\/posts\/148530\/revisions"}],"wp:featuredmedia":[{"embeddable":true,"href":"https:\/\/migracao.redenoticia.com.br\/noticia\/wp-json\/wp\/v2\/media\/146219"}],"wp:attachment":[{"href":"https:\/\/migracao.redenoticia.com.br\/noticia\/wp-json\/wp\/v2\/media?parent=148530"}],"wp:term":[{"taxonomy":"category","embeddable":true,"href":"https:\/\/migracao.redenoticia.com.br\/noticia\/wp-json\/wp\/v2\/categories?post=148530"},{"taxonomy":"post_tag","embeddable":true,"href":"https:\/\/migracao.redenoticia.com.br\/noticia\/wp-json\/wp\/v2\/tags?post=148530"}],"curies":[{"name":"wp","href":"https:\/\/api.w.org\/{rel}","templated":true}]}}