{"id":148595,"date":"2018-08-11T19:48:41","date_gmt":"2018-08-11T22:48:41","guid":{"rendered":"https:\/\/www.redenoticia.com.br\/noticia\/?p=148595"},"modified":"2018-08-12T20:15:48","modified_gmt":"2018-08-12T23:15:48","slug":"resumo-novela-orgulho-e-paixao-13-08-mariana-e-capturada-por-xavier-e-virgilio","status":"publish","type":"post","link":"https:\/\/migracao.redenoticia.com.br\/noticia\/2018\/resumo-novela-orgulho-e-paixao-13-08-mariana-e-capturada-por-xavier-e-virgilio\/148595","title":{"rendered":"Resumo novela \u201cOrgulho e Paix\u00e3o\u201d 13\/08: Mariana \u00e9 capturada por Xavier e Virg\u00edlio"},"content":{"rendered":"<p> <img loading=\"lazy\" decoding=\"async\" src=\"https:\/\/migracao.redenoticia.com.br\/imagens\/orgulho-e-paixao-novela-globo-resumo-Foto-Joao-Miguel-junior-tv-globo-150x112.jpg\" alt=\"\" width=\"150\" height=\"112\" class=\"alignleft size-thumbnail wp-image-134200\" srcset=\"https:\/\/migracao.redenoticia.com.br\/noticia\/imagens\/orgulho-e-paixao-novela-globo-resumo-Foto-Joao-Miguel-junior-tv-globo-150x112.jpg 150w, https:\/\/migracao.redenoticia.com.br\/noticia\/imagens\/orgulho-e-paixao-novela-globo-resumo-Foto-Joao-Miguel-junior-tv-globo-265x198.jpg 265w\" sizes=\"auto, (max-width: 150px) 100vw, 150px\" \/><strong><em>Resumo novela \u201cOrgulho e Paix\u00e3o\u201d 13\/08 <\/em><\/strong>: no cap\u00edtulo 126(*) da novela \u201cOrgulho e Paix\u00e3o\u201d, resumo de segunda-feira, 13 de agosto, Mariana revela a todos que M\u00e1rio \u00e9 um disfarce. Xavier pede a anula\u00e7\u00e3o das corridas de moto disputadas por Mariana. Jane conta para L\u00eddia que est\u00e1 gr\u00e1vida e Of\u00e9lia ouve. Julieta e Aur\u00e9lio se beijam. Darcy alerta Lady Margareth sobre o perigo de ser s\u00f3cia de Xavier, e eles acabam discutindo sobre Briana. Fran\u00e7ois reclama da viagem de Ema para o Vale do Caf\u00e9. Mariana se diverte com Cec\u00edlia e Elisabeta ao lembrar da rea\u00e7\u00e3o de Xavier. <\/p>\n<p>Mariko tenta persuadir Ema a n\u00e3o ir para o Vale. Camilo, Ernesto e Janu\u00e1rio lamentam o fiasco de seu projeto. Susana mostra a Pet\u00falia as provas contra Elisabeta. Ludmila encontra Oleg\u00e1rio em seu bangal\u00f4. Camilo se emociona ao saber que ser\u00e1 pai. Cec\u00edlia lamenta com R\u00f4mulo por n\u00e3o conseguir engravidar. Xavier conta a Josephine sobre Mariana e ela jura vingan\u00e7a. Mariana \u00e9 capturada por Xavier e Virg\u00edlio.<\/p>\n<p>(*) edi\u00e7\u00e3o da Rede Globo, Novela \u201cOrgulho e Paix\u00e3o\u201d, sujeito a altera\u00e7\u00e3o de data e conte\u00fado.<\/p>\n<p>No fict\u00edcio Vale do Caf\u00e9, interior de S\u00e3o Paulo, nossos personagens vivem seus conflitos sociais e de conduta, que sempre se contrap\u00f5em aos desejos pessoais de cada um. Elisabeta (Nathalia Dill) \u00e9 uma mulher \u00e0 frente do seu tempo, com pensamentos igualit\u00e1rios e interesses at\u00edpicos para uma jovem do in\u00edcio do s\u00e9culo XX. Ela deseja trabalhar, conhecer o mundo e \u00e9 incentivada a realizar seus sonhos pelo pai, Felisberto (Tato Gabus Mendes), que vive \u00e0s turras com a mulher, Of\u00e9lia (Vera Holtz), por pensarem diferente sobre a cria\u00e7\u00e3o das filhas. Ao todo, o casal teve cinco mulheres, e cada uma com uma personalidade diferente.<\/p>\n<p>A personagem de Nathalia Dill entrar\u00e1 em conflito quando se apaixonar por Darcy (Thiago Lacerda), um homem de car\u00e1ter e muito sisudo. O amor n\u00e3o \u00e9 \u00e0 primeira vista, j\u00e1 que os dois n\u00e3o se entendem assim que se conhecem. O sentimento de repulsa dar\u00e1 lugar a uma grande paix\u00e3o, que ser\u00e1 negada pelo casal o m\u00e1ximo poss\u00edvel.<\/p>\n","protected":false},"excerpt":{"rendered":"<p>Resumo novela \u201cOrgulho e Paix\u00e3o\u201d 13\/08 : no cap\u00edtulo 126(*) da novela \u201cOrgulho e Paix\u00e3o\u201d, resumo de segunda-feira, 13 de agosto, Mariana revela a todos que M\u00e1rio \u00e9 um disfarce. Xavier pede a anula\u00e7\u00e3o das corridas de moto disputadas por Mariana. Jane conta para L\u00eddia que est\u00e1 gr\u00e1vida e Of\u00e9lia ouve. Julieta e Aur\u00e9lio se [&hellip;]<\/p>\n","protected":false},"author":2,"featured_media":148134,"comment_status":"open","ping_status":"closed","sticky":false,"template":"","format":"standard","meta":{"tdm_status":"","tdm_grid_status":"","footnotes":""},"categories":[388,379,467,375,343],"tags":[441],"class_list":{"0":"post-148595","1":"post","2":"type-post","3":"status-publish","4":"format-standard","5":"has-post-thumbnail","7":"category-destaques","8":"category-novelas","9":"category-orgulho-e-paixao","10":"category-rede-globo","11":"category-televisao","12":"tag-resumo-do-dia"},"_links":{"self":[{"href":"https:\/\/migracao.redenoticia.com.br\/noticia\/wp-json\/wp\/v2\/posts\/148595","targetHints":{"allow":["GET"]}}],"collection":[{"href":"https:\/\/migracao.redenoticia.com.br\/noticia\/wp-json\/wp\/v2\/posts"}],"about":[{"href":"https:\/\/migracao.redenoticia.com.br\/noticia\/wp-json\/wp\/v2\/types\/post"}],"author":[{"embeddable":true,"href":"https:\/\/migracao.redenoticia.com.br\/noticia\/wp-json\/wp\/v2\/users\/2"}],"replies":[{"embeddable":true,"href":"https:\/\/migracao.redenoticia.com.br\/noticia\/wp-json\/wp\/v2\/comments?post=148595"}],"version-history":[{"count":0,"href":"https:\/\/migracao.redenoticia.com.br\/noticia\/wp-json\/wp\/v2\/posts\/148595\/revisions"}],"wp:featuredmedia":[{"embeddable":true,"href":"https:\/\/migracao.redenoticia.com.br\/noticia\/wp-json\/wp\/v2\/media\/148134"}],"wp:attachment":[{"href":"https:\/\/migracao.redenoticia.com.br\/noticia\/wp-json\/wp\/v2\/media?parent=148595"}],"wp:term":[{"taxonomy":"category","embeddable":true,"href":"https:\/\/migracao.redenoticia.com.br\/noticia\/wp-json\/wp\/v2\/categories?post=148595"},{"taxonomy":"post_tag","embeddable":true,"href":"https:\/\/migracao.redenoticia.com.br\/noticia\/wp-json\/wp\/v2\/tags?post=148595"}],"curies":[{"name":"wp","href":"https:\/\/api.w.org\/{rel}","templated":true}]}}