{"id":148653,"date":"2018-08-13T00:01:56","date_gmt":"2018-08-13T03:01:56","guid":{"rendered":"https:\/\/www.redenoticia.com.br\/noticia\/?p=148653"},"modified":"2018-08-12T23:35:57","modified_gmt":"2018-08-13T02:35:57","slug":"centrinho-usp-abre-inscricoes-para-residencia-multiprofissional-em-saude","status":"publish","type":"post","link":"https:\/\/migracao.redenoticia.com.br\/noticia\/2018\/centrinho-usp-abre-inscricoes-para-residencia-multiprofissional-em-saude\/148653","title":{"rendered":"Centrinho-USP abre inscri\u00e7\u00f5es para resid\u00eancia multiprofissional em sa\u00fade"},"content":{"rendered":"<p><img loading=\"lazy\" decoding=\"async\" class=\"alignleft size-thumbnail wp-image-148574\" src=\"https:\/\/migracao.redenoticia.com.br\/noticia\/imagens\/saude-3-150x112.jpg\" alt=\"\" width=\"150\" height=\"112\" srcset=\"https:\/\/migracao.redenoticia.com.br\/noticia\/imagens\/saude-3-150x112.jpg 150w, https:\/\/migracao.redenoticia.com.br\/noticia\/imagens\/saude-3-265x198.jpg 265w\" sizes=\"auto, (max-width: 150px) 100vw, 150px\" \/>Ag\u00eancia FAPESP\u00a0\u2013 O Hospital de Reabilita\u00e7\u00e3o de Anomalias Craniofaciais (HRAC\/Centrinho) da USP em Bauru recebe inscri\u00e7\u00f5es at\u00e9 dia 17 de agosto de 2018 para os <strong><em>Programas de Resid\u00eancia em \u00c1rea Profissional da Sa\u00fade<\/em><\/strong> nas modalidades uni e multiprofissional, para o per\u00edodo letivo 2019-2021.<\/p>\n<p>O programa \u00e9 organizado por meio da Pr\u00f3-Reitoria de Cultura e Extens\u00e3o Universit\u00e1ria da USP e da Comiss\u00e3o de Resid\u00eancia Multiprofissional.<\/p>\n<p>S\u00e3o oferecidas 37 vagas: 17 para o Programa de Resid\u00eancia em S\u00edndromes e Anomalias Craniofaciais, nas \u00e1reas de Enfermagem, Fonoaudiologia, Odontologia, Psicologia e Servi\u00e7o Social; e 20 vagas para o Programa de Resid\u00eancia Multiprofissional em Sa\u00fade Auditiva, nas \u00e1reas de Fonoaudiologia, Psicologia e Servi\u00e7o Social.<\/p>\n<p>A resid\u00eancia prev\u00ea bolsa mensal para os classificados no valor de R$ 3.330,43, concedida pelo Minist\u00e9rio da Sa\u00fade. Podem participar dos programas os interessados que conclu\u00edram ou concluir\u00e3o, at\u00e9 1\u00ba de mar\u00e7o de 2019, bacharelado em cursos de gradua\u00e7\u00e3o. At\u00e9 o dia da matr\u00edcula, os candidatos dever\u00e3o ter a inscri\u00e7\u00e3o definitiva ou provis\u00f3ria no respectivo conselho regional de classe, quando aplic\u00e1vel.<\/p>\n<p>O objetivo dos dois programas oferecidos no HRAC\/Centrinho-USP \u00e9 formar profissionais de sa\u00fade, especialistas em sa\u00fade auditiva ou em s\u00edndromes e anomalias craniofaciais, com vis\u00e3o humanista, reflexiva e cr\u00edtica, qualificados para o exerc\u00edcio em suas \u00e1reas profissionais.<\/p>\n<p>O processo seletivo ter\u00e1 duas fases. A primeira ser\u00e1 constitu\u00edda de prova objetiva realizada nos munic\u00edpios de Bauru, Pirassununga, Ribeir\u00e3o Preto e S\u00e3o Paulo, no dia 2 de setembro.<\/p>\n<p>A segunda fase \u00e9 composta por duas etapas: a primeira constituir\u00e1 de prova dissertativa, em 30 de setembro, e na segunda etapa ser\u00e1 feita an\u00e1lise curricular pela comiss\u00e3o do processo seletivo.<\/p>\n<p>As inscri\u00e7\u00f5es poder\u00e3o ser feitas pelo\u00a0, que realizar\u00e1 o processo seletivo. A taxa de inscri\u00e7\u00e3o custa R$ 265.<\/p>\n<p>Mais informa\u00e7\u00f5es:\u00a0.<\/p>\n","protected":false},"excerpt":{"rendered":"<p>Ag\u00eancia FAPESP\u00a0\u2013 O Hospital de Reabilita\u00e7\u00e3o de Anomalias Craniofaciais (HRAC\/Centrinho) da USP em Bauru recebe inscri\u00e7\u00f5es at\u00e9 dia 17 de agosto de 2018 para os Programas de Resid\u00eancia em \u00c1rea Profissional da Sa\u00fade nas modalidades uni e multiprofissional, para o per\u00edodo letivo 2019-2021. O programa \u00e9 organizado por meio da Pr\u00f3-Reitoria de Cultura e Extens\u00e3o [&hellip;]<\/p>\n","protected":false},"author":2,"featured_media":148574,"comment_status":"open","ping_status":"closed","sticky":false,"template":"","format":"standard","meta":{"tdm_status":"","tdm_grid_status":"","footnotes":""},"categories":[351,370],"tags":[],"class_list":{"0":"post-148653","1":"post","2":"type-post","3":"status-publish","4":"format-standard","5":"has-post-thumbnail","7":"category-cursos","8":"category-inscricao"},"_links":{"self":[{"href":"https:\/\/migracao.redenoticia.com.br\/noticia\/wp-json\/wp\/v2\/posts\/148653","targetHints":{"allow":["GET"]}}],"collection":[{"href":"https:\/\/migracao.redenoticia.com.br\/noticia\/wp-json\/wp\/v2\/posts"}],"about":[{"href":"https:\/\/migracao.redenoticia.com.br\/noticia\/wp-json\/wp\/v2\/types\/post"}],"author":[{"embeddable":true,"href":"https:\/\/migracao.redenoticia.com.br\/noticia\/wp-json\/wp\/v2\/users\/2"}],"replies":[{"embeddable":true,"href":"https:\/\/migracao.redenoticia.com.br\/noticia\/wp-json\/wp\/v2\/comments?post=148653"}],"version-history":[{"count":0,"href":"https:\/\/migracao.redenoticia.com.br\/noticia\/wp-json\/wp\/v2\/posts\/148653\/revisions"}],"wp:featuredmedia":[{"embeddable":true,"href":"https:\/\/migracao.redenoticia.com.br\/noticia\/wp-json\/wp\/v2\/media\/148574"}],"wp:attachment":[{"href":"https:\/\/migracao.redenoticia.com.br\/noticia\/wp-json\/wp\/v2\/media?parent=148653"}],"wp:term":[{"taxonomy":"category","embeddable":true,"href":"https:\/\/migracao.redenoticia.com.br\/noticia\/wp-json\/wp\/v2\/categories?post=148653"},{"taxonomy":"post_tag","embeddable":true,"href":"https:\/\/migracao.redenoticia.com.br\/noticia\/wp-json\/wp\/v2\/tags?post=148653"}],"curies":[{"name":"wp","href":"https:\/\/api.w.org\/{rel}","templated":true}]}}