{"id":148699,"date":"2018-08-13T00:07:45","date_gmt":"2018-08-13T03:07:45","guid":{"rendered":"https:\/\/www.redenoticia.com.br\/noticia\/?p=148699"},"modified":"2018-08-12T23:37:33","modified_gmt":"2018-08-13T02:37:33","slug":"governo-vai-propor-adiamento-de-reajuste-de-servidores-para-2020","status":"publish","type":"post","link":"https:\/\/migracao.redenoticia.com.br\/noticia\/2018\/governo-vai-propor-adiamento-de-reajuste-de-servidores-para-2020\/148699","title":{"rendered":"Governo vai propor adiamento de reajuste de servidores para 2020"},"content":{"rendered":"<p><img loading=\"lazy\" decoding=\"async\" src=\"https:\/\/migracao.redenoticia.com.br\/noticia\/imagens\/economia-analise-2-150x112.jpg\" alt=\"\" width=\"150\" height=\"112\" class=\"alignleft size-thumbnail wp-image-148164\" srcset=\"https:\/\/migracao.redenoticia.com.br\/noticia\/imagens\/economia-analise-2-150x112.jpg 150w, https:\/\/migracao.redenoticia.com.br\/noticia\/imagens\/economia-analise-2-265x198.jpg 265w, https:\/\/migracao.redenoticia.com.br\/noticia\/imagens\/economia-analise-2-485x360.jpg 485w\" sizes=\"auto, (max-width: 150px) 100vw, 150px\" \/>O presidente Michel Temer vai encampar a recomenda\u00e7\u00e3o do Minist\u00e9rio do Planejamento segundo a qual n\u00e3o \u00e9 poss\u00edvel dar <strong><em>aumento salarial ao funcionalismo<\/em><\/strong> em 2019. A sugest\u00e3o de suspender o aumento, que beneficia diferentes categorias, foi levada ao presidente pelo ministro do Planejamento, Esteves Colnago. O Pal\u00e1cio do Planalto j\u00e1 recebeu a proposta, que dever\u00e1 ser transformada em Medida Provis\u00f3ria (MP). A medida ser\u00e1 enviada em breve ao Congresso. A decis\u00e3o final sobre o adiamento do reajuste para 2020 caber\u00e1 ao Legislativo.<\/p>\n<p>Com o or\u00e7amento apertado, o governo sustenta que haver\u00e1 cortes bilion\u00e1rios nos programas sociais no ano que vem se n\u00e3o houver a suspens\u00e3o do aumento, previsto para ser pago em janeiro, quando o novo presidente j\u00e1 ter\u00e1 assumido o cargo. A medida acarretaria uma economia de at\u00e9 R$ 11 bilh\u00f5es no or\u00e7amento de 2019, considerando todos os servidores, entre civis e militares. Se o reajuste for adiado apenas para os civis, o impacto seria de R$ 6,9 bilh\u00f5es, informou o Planejamento.<\/p>\n<p>A previs\u00e3o \u00e9 que as despesas com pessoal da Uni\u00e3o em 2019, como sal\u00e1rios e encargos, seja de R$ 322 bilh\u00f5es. O ministro do Planejamento j\u00e1 informou, em entrevista recente, que, se o presidente concordasse com o adiamento do reajuste, uma proposi\u00e7\u00e3o deveria ser enviada ao Legislativo antes do projeto do Or\u00e7amento de 2019, conhecido como Lei Or\u00e7ament\u00e1ria Anual (LOA 2019). Conforme a legisla\u00e7\u00e3o, o governo precisa enviar at\u00e9 31 de agosto a pe\u00e7a or\u00e7ament\u00e1ria para o ano seguinte.<\/p>\n<p>Reajuste do Judici\u00e1rio<br \/>\nO governo tamb\u00e9m j\u00e1 decidiu que ir\u00e1 esperar o Congresso se posicionar sobre a proposta de aumento de 16% nos sal\u00e1rios do Judici\u00e1rio, apresentada na quinta-feira (9) pelo Supremo Tribunal Federal (STF). Conforme antecipou a Ag\u00eancia Brasil, o reajuste ir\u00e1 onerar a folha de pagamento do Executivo em R$ 243 milh\u00f5es. Se considerado o &#8220;efeito cascata&#8221; nos demais poderes e tamb\u00e9m nas unidades da Federa\u00e7\u00e3o, as despesas podem aumentar em at\u00e9 R$ 4 bilh\u00f5es, segundo proje\u00e7\u00f5es de t\u00e9cnicos da C\u00e2mara dos Deputados e do Senado Federal. Somente no Judici\u00e1rio, o impacto seria de R$ 717 milh\u00f5es ao ano. Nesta sexta-feira, o Minist\u00e9rio P\u00fablico Federal (MPF) tamb\u00e9m anunciou a mesma proposta de reajuste para procuradores.<\/p>\n<p>Pedro Rafael Vilela e reda\u00e7\u00e3o da Ag\u00eancia Brasil<br \/>\nEdi\u00e7\u00e3o: Carolina Pimentel<br \/>\n13\/08\/2018<\/p>\n","protected":false},"excerpt":{"rendered":"<p>O presidente Michel Temer vai encampar a recomenda\u00e7\u00e3o do Minist\u00e9rio do Planejamento segundo a qual n\u00e3o \u00e9 poss\u00edvel dar aumento salarial ao funcionalismo em 2019. A sugest\u00e3o de suspender o aumento, que beneficia diferentes categorias, foi levada ao presidente pelo ministro do Planejamento, Esteves Colnago. O Pal\u00e1cio do Planalto j\u00e1 recebeu a proposta, que dever\u00e1 [&hellip;]<\/p>\n","protected":false},"author":2,"featured_media":148164,"comment_status":"open","ping_status":"closed","sticky":false,"template":"","format":"standard","meta":{"tdm_status":"","tdm_grid_status":"","footnotes":""},"categories":[22,7],"tags":[],"class_list":{"0":"post-148699","1":"post","2":"type-post","3":"status-publish","4":"format-standard","5":"has-post-thumbnail","7":"category-brasil","8":"category-economia"},"_links":{"self":[{"href":"https:\/\/migracao.redenoticia.com.br\/noticia\/wp-json\/wp\/v2\/posts\/148699","targetHints":{"allow":["GET"]}}],"collection":[{"href":"https:\/\/migracao.redenoticia.com.br\/noticia\/wp-json\/wp\/v2\/posts"}],"about":[{"href":"https:\/\/migracao.redenoticia.com.br\/noticia\/wp-json\/wp\/v2\/types\/post"}],"author":[{"embeddable":true,"href":"https:\/\/migracao.redenoticia.com.br\/noticia\/wp-json\/wp\/v2\/users\/2"}],"replies":[{"embeddable":true,"href":"https:\/\/migracao.redenoticia.com.br\/noticia\/wp-json\/wp\/v2\/comments?post=148699"}],"version-history":[{"count":0,"href":"https:\/\/migracao.redenoticia.com.br\/noticia\/wp-json\/wp\/v2\/posts\/148699\/revisions"}],"wp:featuredmedia":[{"embeddable":true,"href":"https:\/\/migracao.redenoticia.com.br\/noticia\/wp-json\/wp\/v2\/media\/148164"}],"wp:attachment":[{"href":"https:\/\/migracao.redenoticia.com.br\/noticia\/wp-json\/wp\/v2\/media?parent=148699"}],"wp:term":[{"taxonomy":"category","embeddable":true,"href":"https:\/\/migracao.redenoticia.com.br\/noticia\/wp-json\/wp\/v2\/categories?post=148699"},{"taxonomy":"post_tag","embeddable":true,"href":"https:\/\/migracao.redenoticia.com.br\/noticia\/wp-json\/wp\/v2\/tags?post=148699"}],"curies":[{"name":"wp","href":"https:\/\/api.w.org\/{rel}","templated":true}]}}