{"id":1487,"date":"2009-05-09T23:56:55","date_gmt":"2009-05-10T03:56:55","guid":{"rendered":"http:\/\/www.redenoticia.com.br\/noticia\/?p=1487"},"modified":"2009-05-09T20:59:28","modified_gmt":"2009-05-10T00:59:28","slug":"senado-realiza-na-quarta-feira-vigilia-em-prol-da-amazonia","status":"publish","type":"post","link":"https:\/\/migracao.redenoticia.com.br\/noticia\/2009\/senado-realiza-na-quarta-feira-vigilia-em-prol-da-amazonia\/1487","title":{"rendered":"Senado realiza na quarta-feira vig\u00edlia em prol da Amaz\u00f4nia"},"content":{"rendered":"<p><a href=\"https:\/\/migracao.redenoticia.com.br\/noticia\/imagens\/\/cristiane.jpg\"><img loading=\"lazy\" decoding=\"async\" class=\"alignleft size-full wp-image-1488\" title=\"cristiane\" src=\"https:\/\/migracao.redenoticia.com.br\/noticia\/imagens\/\/cristiane.jpg\" alt=\"cristiane\" width=\"150\" height=\"113\" \/><\/a><span style=\"font-family: Arial;\">Uma vig\u00edlia pela preserva\u00e7\u00e3o da Amaz\u00f4nia ser\u00e1 realizada no Plen\u00e1rio do Senado na pr\u00f3xima quarta-feira (13), a partir das 18h30, hor\u00e1rio previsto para o encerramento da sess\u00e3o deliberativa. A vig\u00edlia est\u00e1 sendo promovida pela Comiss\u00f5es Mista Permanente sobre Mudan\u00e7as Clim\u00e1ticas; de Meio Ambiente, Defesa do Consumidor e Fiscaliza\u00e7\u00e3o e Controle (CMA); e de Direitos Humanos e Legisla\u00e7\u00e3o Participativa (CDH). <\/span><\/p>\n<p><span style=\"font-family: Arial;\">O evento foi uma iniciativa do movimento Amaz\u00f4nia para Sempre, encabe\u00e7ado por artistas como a atriz Christiane Torloni, que esteve esta semana no Senado. O objetivo do movimento \u00e9 chamar a aten\u00e7\u00e3o para a necessidade de preserva\u00e7\u00e3o da floresta, da prote\u00e7\u00e3o do meio ambiente, de investimentos no desenvolvimento sustent\u00e1vel e da salvaguarda da legisla\u00e7\u00e3o ambiental brasileira.<\/span><\/p>\n<p><span style=\"font-family: Arial;\">Na programa\u00e7\u00e3o, est\u00e1 prevista a entrega do documento Amaz\u00f4nia para Sempre e a apresenta\u00e7\u00e3o de um v\u00eddeo a respeito do tema. Para a cerim\u00f4nia de abertura, foram convidados os ministros de Assuntos Estrat\u00e9gicos, Roberto Mangabeira Unger e do Meio Ambiente, Carlos Minc, cujas presen\u00e7as ainda precisam ser confirmadas. Parlamentares e representantes de movimentos ligados o meio ambiente tamb\u00e9m participar\u00e3o da vig\u00edlia.<\/span><\/p>\n<p><span style=\"font-family: Arial;\">Entre os temas a serem tratados durante a vig\u00edlia est\u00e3o as amea\u00e7as a que est\u00e3o submetidas a floresta e os conflitos sociais que ocorrem na regi\u00e3o. A an\u00e1lise das pol\u00edticas p\u00fablicas para a floresta, a vis\u00e3o das comunidades tradicionais da Amaz\u00f4nia e as propostas sobre o tema em tramita\u00e7\u00e3o no Congresso tamb\u00e9m ser\u00e3o debatidas.<\/span><\/p>\n<p><span style=\"font-family: Arial;\">A import\u00e2ncia da floresta para a regula\u00e7\u00e3o do clima e suas implica\u00e7\u00f5es econ\u00f4micas e sociais, tanto no Brasil quanto no mundo, para a prote\u00e7\u00e3o da biodiversidade e para o desenvolvimento sustent\u00e1vel do Brasil tamb\u00e9m ser\u00e1 abordada pelos participantes da vig\u00edlia. Al\u00e9m disso, haver\u00e1 a explana\u00e7\u00e3o de iniciativas promissoras dos governos dos estados da Amaz\u00f4nia e o relato de produtores que colocam em pr\u00e1tica pol\u00edticas sustent\u00e1veis.<\/span><\/p>\n<p><span style=\"font-family: Arial;\">O t\u00e9rmino da sess\u00e3o est\u00e1 previsto para as 6h da manh\u00e3. <\/span><\/p>\n<p class=\"MsoNormal\"><span class=\"nomejornalista\"><span style=\"font-family: Arial;\">Elina Rodrigues Pozzebom \/ Ag\u00eancia Senado<\/span><\/span><span style=\"font-family: Arial;\"><br \/>\n<span class=\"avisoreproducao\">(Reprodu\u00e7\u00e3o autorizada mediante cita\u00e7\u00e3o da Ag\u00eancia Senado)<\/span><\/span><\/p>\n","protected":false},"excerpt":{"rendered":"<p>Uma vig\u00edlia pela preserva\u00e7\u00e3o da Amaz\u00f4nia ser\u00e1 realizada no Plen\u00e1rio do Senado na pr\u00f3xima quarta-feira (13), a partir das 18h30, hor\u00e1rio previsto para o encerramento da sess\u00e3o deliberativa. A vig\u00edlia est\u00e1 sendo promovida pela Comiss\u00f5es Mista Permanente sobre Mudan\u00e7as Clim\u00e1ticas; de Meio Ambiente, Defesa do Consumidor e Fiscaliza\u00e7\u00e3o e Controle (CMA); e de Direitos Humanos [&hellip;]<\/p>\n","protected":false},"author":3,"featured_media":0,"comment_status":"open","ping_status":"open","sticky":false,"template":"","format":"standard","meta":{"tdm_status":"","tdm_grid_status":"","footnotes":""},"categories":[22],"tags":[],"class_list":{"0":"post-1487","1":"post","2":"type-post","3":"status-publish","4":"format-standard","6":"category-brasil"},"_links":{"self":[{"href":"https:\/\/migracao.redenoticia.com.br\/noticia\/wp-json\/wp\/v2\/posts\/1487","targetHints":{"allow":["GET"]}}],"collection":[{"href":"https:\/\/migracao.redenoticia.com.br\/noticia\/wp-json\/wp\/v2\/posts"}],"about":[{"href":"https:\/\/migracao.redenoticia.com.br\/noticia\/wp-json\/wp\/v2\/types\/post"}],"author":[{"embeddable":true,"href":"https:\/\/migracao.redenoticia.com.br\/noticia\/wp-json\/wp\/v2\/users\/3"}],"replies":[{"embeddable":true,"href":"https:\/\/migracao.redenoticia.com.br\/noticia\/wp-json\/wp\/v2\/comments?post=1487"}],"version-history":[{"count":0,"href":"https:\/\/migracao.redenoticia.com.br\/noticia\/wp-json\/wp\/v2\/posts\/1487\/revisions"}],"wp:attachment":[{"href":"https:\/\/migracao.redenoticia.com.br\/noticia\/wp-json\/wp\/v2\/media?parent=1487"}],"wp:term":[{"taxonomy":"category","embeddable":true,"href":"https:\/\/migracao.redenoticia.com.br\/noticia\/wp-json\/wp\/v2\/categories?post=1487"},{"taxonomy":"post_tag","embeddable":true,"href":"https:\/\/migracao.redenoticia.com.br\/noticia\/wp-json\/wp\/v2\/tags?post=1487"}],"curies":[{"name":"wp","href":"https:\/\/api.w.org\/{rel}","templated":true}]}}