{"id":148702,"date":"2018-08-13T00:06:12","date_gmt":"2018-08-13T03:06:12","guid":{"rendered":"https:\/\/www.redenoticia.com.br\/noticia\/?p=148702"},"modified":"2018-08-12T23:37:30","modified_gmt":"2018-08-13T02:37:30","slug":"site-traz-patrimonio-financeiro-de-politicos-que-disputaram-eleicoes","status":"publish","type":"post","link":"https:\/\/migracao.redenoticia.com.br\/noticia\/2018\/site-traz-patrimonio-financeiro-de-politicos-que-disputaram-eleicoes\/148702","title":{"rendered":"Site traz patrim\u00f4nio financeiro de pol\u00edticos que disputaram elei\u00e7\u00f5es"},"content":{"rendered":"<p><img loading=\"lazy\" decoding=\"async\" src=\"https:\/\/migracao.redenoticia.com.br\/noticia\/imagens\/economia-reuniao-150x112.jpg\" alt=\"\" width=\"150\" height=\"112\" class=\"alignleft size-thumbnail wp-image-148317\" srcset=\"https:\/\/migracao.redenoticia.com.br\/noticia\/imagens\/economia-reuniao-150x112.jpg 150w, https:\/\/migracao.redenoticia.com.br\/noticia\/imagens\/economia-reuniao-265x198.jpg 265w\" sizes=\"auto, (max-width: 150px) 100vw, 150px\" \/>Um site desenvolvido por alunos da Universidade Federal de Campina Grande vai mostrar o <strong><em>patrim\u00f4nio financeiro dos pol\u00edticos<\/em><\/strong> que disputaram as duas \u00faltimas elei\u00e7\u00f5es.<\/p>\n<p>O\u00a0\u00a0permite\u00a0 que os eleitores comparem os rendimentos declarados \u00e0 Justi\u00e7a e verificar se estes candidatos ficaram mais ricos ao longo dos anos. A ferramenta tamb\u00e9m informa quem teve o maior salto ou queda patrimonial no per\u00edodo.<\/p>\n<p>As informa\u00e7\u00f5es dos candidatos que v\u00e3o disputar as elei\u00e7\u00f5es de outubro s\u00f3 ser\u00e3o colocadas no site depois que as candidaturas forem registradas, o que acontece at\u00e9 o dia 15 de agosto.<\/p>\n<p>Rep\u00f3rter Brasil<br \/>\n 13\/08\/2018<\/p>\n<p>&#8212;<\/p>\n<p>Sobre a EBC<br \/>\nA Empresa Brasil de Comunica\u00e7\u00e3o (EBC) \u00e9 uma empresa p\u00fablica federal, criada pela Lei no 11.652\/2008 e alterada pela Lei no 13.417\/2017, que d\u00e1 efetividade ao princ\u00edpio constitucional de complementaridade entre o sistema p\u00fablico, privado e estatal de comunica\u00e7\u00e3o.<\/p>\n<p>A empresa cumpre sua fun\u00e7\u00e3o de prestadora de servi\u00e7os e contribui para o objetivo de ampliar o debate p\u00fablico sobre temas nacionais e internacionais, de fomentar a constru\u00e7\u00e3o da cidadania, com uma programa\u00e7\u00e3o educativa, inclusiva, art\u00edstica, cultural, informativa, cient\u00edfica e de interesse p\u00fablico, com foco no cidad\u00e3o.<\/p>\n","protected":false},"excerpt":{"rendered":"<p>Um site desenvolvido por alunos da Universidade Federal de Campina Grande vai mostrar o patrim\u00f4nio financeiro dos pol\u00edticos que disputaram as duas \u00faltimas elei\u00e7\u00f5es. O\u00a0\u00a0permite\u00a0 que os eleitores comparem os rendimentos declarados \u00e0 Justi\u00e7a e verificar se estes candidatos ficaram mais ricos ao longo dos anos. A ferramenta tamb\u00e9m informa quem teve o maior salto [&hellip;]<\/p>\n","protected":false},"author":2,"featured_media":148317,"comment_status":"open","ping_status":"closed","sticky":false,"template":"","format":"standard","meta":{"tdm_status":"","tdm_grid_status":"","footnotes":""},"categories":[22,388],"tags":[],"class_list":{"0":"post-148702","1":"post","2":"type-post","3":"status-publish","4":"format-standard","5":"has-post-thumbnail","7":"category-brasil","8":"category-destaques"},"_links":{"self":[{"href":"https:\/\/migracao.redenoticia.com.br\/noticia\/wp-json\/wp\/v2\/posts\/148702","targetHints":{"allow":["GET"]}}],"collection":[{"href":"https:\/\/migracao.redenoticia.com.br\/noticia\/wp-json\/wp\/v2\/posts"}],"about":[{"href":"https:\/\/migracao.redenoticia.com.br\/noticia\/wp-json\/wp\/v2\/types\/post"}],"author":[{"embeddable":true,"href":"https:\/\/migracao.redenoticia.com.br\/noticia\/wp-json\/wp\/v2\/users\/2"}],"replies":[{"embeddable":true,"href":"https:\/\/migracao.redenoticia.com.br\/noticia\/wp-json\/wp\/v2\/comments?post=148702"}],"version-history":[{"count":0,"href":"https:\/\/migracao.redenoticia.com.br\/noticia\/wp-json\/wp\/v2\/posts\/148702\/revisions"}],"wp:featuredmedia":[{"embeddable":true,"href":"https:\/\/migracao.redenoticia.com.br\/noticia\/wp-json\/wp\/v2\/media\/148317"}],"wp:attachment":[{"href":"https:\/\/migracao.redenoticia.com.br\/noticia\/wp-json\/wp\/v2\/media?parent=148702"}],"wp:term":[{"taxonomy":"category","embeddable":true,"href":"https:\/\/migracao.redenoticia.com.br\/noticia\/wp-json\/wp\/v2\/categories?post=148702"},{"taxonomy":"post_tag","embeddable":true,"href":"https:\/\/migracao.redenoticia.com.br\/noticia\/wp-json\/wp\/v2\/tags?post=148702"}],"curies":[{"name":"wp","href":"https:\/\/api.w.org\/{rel}","templated":true}]}}