{"id":148952,"date":"2018-08-14T00:22:33","date_gmt":"2018-08-14T03:22:33","guid":{"rendered":"https:\/\/www.redenoticia.com.br\/noticia\/?p=148952"},"modified":"2018-08-14T00:22:59","modified_gmt":"2018-08-14T03:22:59","slug":"unicamp-recebe-inscricoes-para-pos-graduacao-em-arquitetura-tecnologia-e-cidade","status":"publish","type":"post","link":"https:\/\/migracao.redenoticia.com.br\/noticia\/2018\/unicamp-recebe-inscricoes-para-pos-graduacao-em-arquitetura-tecnologia-e-cidade\/148952","title":{"rendered":"Unicamp recebe inscri\u00e7\u00f5es para p\u00f3s-gradua\u00e7\u00e3o em arquitetura, tecnologia e cidade"},"content":{"rendered":"<p> Ag\u00eancia FAPESP\u00a0\u2013 O Programa de <strong><em>P\u00f3s-Gradua\u00e7\u00e3o em Arquitetura, Tecnologia e Cidade<\/em><\/strong> (PPGATC) da Faculdade de Engenharia Civil, Arquitetura e Urbanismo da Unicamp recebe inscri\u00e7\u00f5es at\u00e9 23 de agosto de 2018 para o processo seletivo de candidatos aos cursos de mestrado e doutorado, para ingresso no 1\u00ba per\u00edodo letivo de 2019.<\/p>\n<p>O programa busca ampliar a proposi\u00e7\u00e3o, desenvolvimento e aprofundamento de interfaces entre \u00e1reas como ci\u00eancias sociais aplicadas, engenharias, artes e outros campos do conhecimento que confluem para a reflex\u00e3o te\u00f3rica-conceitual e para o aperfei\u00e7oamento das tecnologias, m\u00e9todos e pr\u00e1ticas de interesse \u00e0 arquitetura e ao urbanismo.<\/p>\n<p>S\u00e3o 86 vagas dispon\u00edveis para tr\u00eas linhas de pesquisa: \u201cArquitetura: fundamentos, metodologia e projeto\u201d, \u201cTecnologia em arquitetura e urbanismo\u201d e \u201cCidade: planejamento e projeto urbano\u201d.<\/p>\n<p>O candidato dever\u00e1 realizar a inscri\u00e7\u00e3o no\u00a0\u00a0e, posteriormente, enviar a documenta\u00e7\u00e3o solicitada via correio (Sedex) ou entregar pessoalmente na Coordenadoria de P\u00f3s-Gradua\u00e7\u00e3o da Faculdade de Engenharia Civil, Arquitetura e Urbanismo (Cidade Universit\u00e1ria Zeferino Vaz, Bar\u00e3o Geraldo, Campinas, SP, CEP 13083-970).<\/p>\n<p>Entre os documentos exigidos est\u00e3o carta de inten\u00e7\u00f5es (endere\u00e7ada ao coordenador do Programa de P\u00f3s-Gradua\u00e7\u00e3o), formul\u00e1rio de inscri\u00e7\u00e3o, foto 3&#215;4 recente, c\u00f3pia do diploma de gradua\u00e7\u00e3o (para mestrado) ou de mestrado (para doutorado), c\u00f3pia do hist\u00f3rico escolar, c\u00f3pia de documento de identifica\u00e7\u00e3o pessoal, curriculum vitae atualizado, duas cartas de recomenda\u00e7\u00e3o de professores ou orientadores acad\u00eamicos.<\/p>\n<p>O processo de sele\u00e7\u00e3o para mestrado e doutorado ser\u00e1 realizado em tr\u00eas fases, com exce\u00e7\u00e3o do processo de sele\u00e7\u00e3o de mestrado da linha de Tecnologia em Arquitetura e Urbanismo, que ser\u00e1 realizado em duas fases.<\/p>\n<p>O resultado do processo seletivo ser\u00e1 divulgado no dia 24 de novembro, no\u00a0.<\/p>\n<p>Mais informa\u00e7\u00f5es:\u00a0.<\/p>\n","protected":false},"excerpt":{"rendered":"<p>Ag\u00eancia FAPESP\u00a0\u2013 O Programa de P\u00f3s-Gradua\u00e7\u00e3o em Arquitetura, Tecnologia e Cidade (PPGATC) da Faculdade de Engenharia Civil, Arquitetura e Urbanismo da Unicamp recebe inscri\u00e7\u00f5es at\u00e9 23 de agosto de 2018 para o processo seletivo de candidatos aos cursos de mestrado e doutorado, para ingresso no 1\u00ba per\u00edodo letivo de 2019. O programa busca ampliar a [&hellip;]<\/p>\n","protected":false},"author":2,"featured_media":148158,"comment_status":"open","ping_status":"closed","sticky":false,"template":"","format":"standard","meta":{"tdm_status":"","tdm_grid_status":"","footnotes":""},"categories":[351,370],"tags":[],"class_list":{"0":"post-148952","1":"post","2":"type-post","3":"status-publish","4":"format-standard","5":"has-post-thumbnail","7":"category-cursos","8":"category-inscricao"},"_links":{"self":[{"href":"https:\/\/migracao.redenoticia.com.br\/noticia\/wp-json\/wp\/v2\/posts\/148952","targetHints":{"allow":["GET"]}}],"collection":[{"href":"https:\/\/migracao.redenoticia.com.br\/noticia\/wp-json\/wp\/v2\/posts"}],"about":[{"href":"https:\/\/migracao.redenoticia.com.br\/noticia\/wp-json\/wp\/v2\/types\/post"}],"author":[{"embeddable":true,"href":"https:\/\/migracao.redenoticia.com.br\/noticia\/wp-json\/wp\/v2\/users\/2"}],"replies":[{"embeddable":true,"href":"https:\/\/migracao.redenoticia.com.br\/noticia\/wp-json\/wp\/v2\/comments?post=148952"}],"version-history":[{"count":0,"href":"https:\/\/migracao.redenoticia.com.br\/noticia\/wp-json\/wp\/v2\/posts\/148952\/revisions"}],"wp:featuredmedia":[{"embeddable":true,"href":"https:\/\/migracao.redenoticia.com.br\/noticia\/wp-json\/wp\/v2\/media\/148158"}],"wp:attachment":[{"href":"https:\/\/migracao.redenoticia.com.br\/noticia\/wp-json\/wp\/v2\/media?parent=148952"}],"wp:term":[{"taxonomy":"category","embeddable":true,"href":"https:\/\/migracao.redenoticia.com.br\/noticia\/wp-json\/wp\/v2\/categories?post=148952"},{"taxonomy":"post_tag","embeddable":true,"href":"https:\/\/migracao.redenoticia.com.br\/noticia\/wp-json\/wp\/v2\/tags?post=148952"}],"curies":[{"name":"wp","href":"https:\/\/api.w.org\/{rel}","templated":true}]}}