{"id":149004,"date":"2018-08-14T01:16:46","date_gmt":"2018-08-14T04:16:46","guid":{"rendered":"https:\/\/www.redenoticia.com.br\/noticia\/?p=149004"},"modified":"2018-08-14T01:16:46","modified_gmt":"2018-08-14T04:16:46","slug":"tse-cobrara-de-candidatos-cassados-custos-de-novas-eleicoes","status":"publish","type":"post","link":"https:\/\/migracao.redenoticia.com.br\/noticia\/2018\/tse-cobrara-de-candidatos-cassados-custos-de-novas-eleicoes\/149004","title":{"rendered":"TSE cobrar\u00e1 de candidatos cassados custos de novas elei\u00e7\u00f5es"},"content":{"rendered":"<p> O Tribunal Superior Eleitoral (TSE) assinou um acordo com a Advocacia-Geral da Uni\u00e3o (AGU) para viabilizar a <strong><em>cobran\u00e7a dos gastos da Justi\u00e7a Eleitoral<\/em><\/strong> com a realiza\u00e7\u00e3o de novas elei\u00e7\u00f5es ap\u00f3s a cassa\u00e7\u00e3o do mandato dos eleitos. O acordo foi assinado pelo presidente do TSE, ministro Luiz Fux, que ser\u00e1 sucedido nesta ter\u00e7a (14) pela ministra do Supremo Tribunal Federal (STF) Rosa Weber. A ministra permanecer\u00e1 no cargo at\u00e9 2020.  <\/p>\n<p>Segundo Fux, todas as verbas que forem gastas pela Justi\u00e7a Eleitoral para custear as elei\u00e7\u00f5es suplementares dever\u00e3o ser ressarcidas. A cobran\u00e7a deve ocorrer por meio de uma a\u00e7\u00e3o movida pela AGU na Justi\u00e7a. &#8220;O pr\u00f3prio Supremo Tribunal Federal entendeu que quem concorre a qualquer tipo de cargo ou concurso, com base em liminar, fica sujeito, como dizia o saudoso Barbosa Moreira [jurista], a chuvas e trovoadas&#8221;, disse o ministro Fux.<\/p>\n<p>Desde as elei\u00e7\u00f5es de 2014, a AGU recorre \u00e0 Justi\u00e7a para recuperar os custos de novas elei\u00e7\u00f5es. Em mar\u00e7o, por exemplo, o Tribunal Regional Eleitoral (TRE) do Tocantins gastou cerca de R$ 15 milh\u00f5es para organizar o novo pleito para o governo do estado em fun\u00e7\u00e3o da cassa\u00e7\u00e3o do ex-governador Marcelo Miranda. <\/p>\n<p> Andr\u00e9 Richter \u2013 Rep\u00f3rter da Ag\u00eancia Brasil<br \/>\nEdi\u00e7\u00e3o: N\u00e1dia Franco<br \/>\n14\/08\/2018<br \/>\n&#8212;<\/p>\n","protected":false},"excerpt":{"rendered":"<p>O Tribunal Superior Eleitoral (TSE) assinou um acordo com a Advocacia-Geral da Uni\u00e3o (AGU) para viabilizar a cobran\u00e7a dos gastos da Justi\u00e7a Eleitoral com a realiza\u00e7\u00e3o de novas elei\u00e7\u00f5es ap\u00f3s a cassa\u00e7\u00e3o do mandato dos eleitos. O acordo foi assinado pelo presidente do TSE, ministro Luiz Fux, que ser\u00e1 sucedido nesta ter\u00e7a (14) pela ministra [&hellip;]<\/p>\n","protected":false},"author":2,"featured_media":148629,"comment_status":"open","ping_status":"closed","sticky":false,"template":"","format":"standard","meta":{"tdm_status":"","tdm_grid_status":"","footnotes":""},"categories":[22,388],"tags":[],"class_list":{"0":"post-149004","1":"post","2":"type-post","3":"status-publish","4":"format-standard","5":"has-post-thumbnail","7":"category-brasil","8":"category-destaques"},"_links":{"self":[{"href":"https:\/\/migracao.redenoticia.com.br\/noticia\/wp-json\/wp\/v2\/posts\/149004","targetHints":{"allow":["GET"]}}],"collection":[{"href":"https:\/\/migracao.redenoticia.com.br\/noticia\/wp-json\/wp\/v2\/posts"}],"about":[{"href":"https:\/\/migracao.redenoticia.com.br\/noticia\/wp-json\/wp\/v2\/types\/post"}],"author":[{"embeddable":true,"href":"https:\/\/migracao.redenoticia.com.br\/noticia\/wp-json\/wp\/v2\/users\/2"}],"replies":[{"embeddable":true,"href":"https:\/\/migracao.redenoticia.com.br\/noticia\/wp-json\/wp\/v2\/comments?post=149004"}],"version-history":[{"count":0,"href":"https:\/\/migracao.redenoticia.com.br\/noticia\/wp-json\/wp\/v2\/posts\/149004\/revisions"}],"wp:featuredmedia":[{"embeddable":true,"href":"https:\/\/migracao.redenoticia.com.br\/noticia\/wp-json\/wp\/v2\/media\/148629"}],"wp:attachment":[{"href":"https:\/\/migracao.redenoticia.com.br\/noticia\/wp-json\/wp\/v2\/media?parent=149004"}],"wp:term":[{"taxonomy":"category","embeddable":true,"href":"https:\/\/migracao.redenoticia.com.br\/noticia\/wp-json\/wp\/v2\/categories?post=149004"},{"taxonomy":"post_tag","embeddable":true,"href":"https:\/\/migracao.redenoticia.com.br\/noticia\/wp-json\/wp\/v2\/tags?post=149004"}],"curies":[{"name":"wp","href":"https:\/\/api.w.org\/{rel}","templated":true}]}}