{"id":149032,"date":"2018-08-14T13:11:02","date_gmt":"2018-08-14T16:11:02","guid":{"rendered":"https:\/\/www.redenoticia.com.br\/noticia\/?p=149032"},"modified":"2018-08-14T14:02:59","modified_gmt":"2018-08-14T17:02:59","slug":"resumo-novela-que-pobres-tao-ricos-15-08-saul-e-miguel-descobrem-que-a-empresa-esta-quebrada","status":"publish","type":"post","link":"https:\/\/migracao.redenoticia.com.br\/noticia\/2018\/resumo-novela-que-pobres-tao-ricos-15-08-saul-e-miguel-descobrem-que-a-empresa-esta-quebrada\/149032","title":{"rendered":"Resumo novela \u201cQue Pobres T\u00e3o Ricos\u201d 15\/08: Miguel pede dinheiro emprestado"},"content":{"rendered":"<p><img loading=\"lazy\" decoding=\"async\" src=\"https:\/\/migracao.redenoticia.com.br\/imagens\/que-pobres-tao-ricos-novela-resumo-sbt-150x112.jpg\" alt=\"\" width=\"150\" height=\"112\" class=\"alignleft size-thumbnail wp-image-146219\" srcset=\"https:\/\/migracao.redenoticia.com.br\/noticia\/imagens\/que-pobres-tao-ricos-novela-resumo-sbt-150x112.jpg 150w, https:\/\/migracao.redenoticia.com.br\/noticia\/imagens\/que-pobres-tao-ricos-novela-resumo-sbt-265x198.jpg 265w\" sizes=\"auto, (max-width: 150px) 100vw, 150px\" \/><strong><em>Resumo novela \u201cQue Pobres T\u00e3o Ricos\u201d 15\/08 <\/em><\/strong>: no cap\u00edtulo 018(*) da novela \u201cQue Pobres T\u00e3o Ricos\u201d, resumo de quarta-feira, 15 de agosto, Jos\u00e9 pergunta a Frida se gosta dele. Ela se incomoda e vai embora. Miguel pede desculpas a Frida por ter chamado sua aten\u00e7\u00e3o diante de todos e eles se abra\u00e7am. Miguel \u00c2ngelo decide ajudar na pens\u00e3o como gar\u00e7on. Lupita lembra ao \u201chospede\u201d que seu pai n\u00e3o vai levar em conta essa gentileza quando descobrir que est\u00e1 fugindo da pol\u00edcia. Lupita faz Jos\u00e9 e Perola jurarem n\u00e3o v\u00e3o contar nada ao pai sobre o problema de Miguel \u00c2ngelo. <\/p>\n<p>Minerva est\u00e1 em lua de mel com Alex e muito decepcionada com o desempenho do marido. Ela desabafa com a m\u00e3e e Isabel aconselha a filha a fingir que est\u00e1 gostando, para que n\u00e3o voltem a ser pobres. Alex pede a Adolfo que consiga um investidor, porque a empresa est\u00e1 quebrada. Minerva ouve parte da conversa e desconfia do marido. Minerva tenta fugir do ass\u00e9dio do marido que est\u00e1 obcecado por sexo e pede a ela que tenham um beb\u00ea o mais r\u00e1pido poss\u00edvel. Minerva deixa claro que n\u00e3o pretende ter filhos para n\u00e3o perder a forma, mas ele \u00e9 taxativo e diz que ela precisa engravidar. <\/p>\n<p>Ana Sofia procura Wendy e pede a ela que arrume seu cabelo. Com pena da ex-socialite, ela n\u00e3o cobra pelo trabalho. Sa\u00fal e Miguel se d\u00e3o conta que a empresa est\u00e1 quebrada, mas nenhum documento pode ajud\u00e1-los a provar sua inoc\u00eancia. Sa\u00fal paga a conta do restaurante e Miguel pede dinheiro emprestado ao amigo. Ana Sofia chega com um penteado diferente e Jesus \u00e9 s\u00f3 elogios para ela. Carmem fica com ci\u00fames. Leonardo pega uma das pe\u00e7as de decora\u00e7\u00e3o de sua m\u00e3e para penhorar. Um ladr\u00e3o surpreende Leonardo, que se assusta e deixa o vaso cair.<\/p>\n<p>(*) edi\u00e7\u00e3o do SBT, Novela \u201cQue Pobres T\u00e3o Ricos\u201d, sujeito a altera\u00e7\u00e3o de data e conte\u00fado.<\/p>\n<p>\u201cQue Pobres T\u00e3o Ricos\u201d \u00e9 uma hist\u00f3ria de amor, romance, encontros e desencontros e um sem n\u00famero de divertidos enredos entre duas fam\u00edlias que n\u00e3o tem nada em comum, mas que agora estar\u00e3o obrigadas a conviver na mesma casa. De um lado, os Ruizpalacios, milion\u00e1rios de linhagem, e do outro, os Menchaca, uma cl\u00e1ssica fam\u00edlia de bairro.<\/p>\n<p>Todo come\u00e7ou diante da incapacidade da av\u00f3 Mati Ruizpalacios, de seguir em frente da empresa familiar. E \u00e9 assim que Miguel \u00c2ngelo, seu neto consentido, que leva 11 anos vivendo em Londres, retorna ao M\u00e9xico para a leitura de uma cl\u00e1usula do testamento do seu av\u00f4 Don Aureliano, que dita: &#8220;Herdar\u00e1 o cons\u00f3rcio o primeiro de meus netos que esteja formalmente casado e tenha um filho var\u00e3o&#8221;.<\/p>\n<p>\u00c9 ent\u00e3o que, sem pretender, Miguel \u00c2ngelo ter\u00e1 em seu primo Alejo, um ambicioso inimigo que o envolver\u00e1 em uma fraude, e assim provocar\u00e1 que Miguel \u00c2ngelo e sua fam\u00edlia percam sua fortuna, al\u00e9m de todas suas propriedades, ficando s\u00f3 com um terreno na col\u00f4nia La Nopalera, onde, para sua surpresa, hoje vivem os Menchaca.<\/p>\n","protected":false},"excerpt":{"rendered":"<p>Resumo novela \u201cQue Pobres T\u00e3o Ricos\u201d 15\/08 : no cap\u00edtulo 018(*) da novela \u201cQue Pobres T\u00e3o Ricos\u201d, resumo de quarta-feira, 15 de agosto, Jos\u00e9 pergunta a Frida se gosta dele. Ela se incomoda e vai embora. Miguel pede desculpas a Frida por ter chamado sua aten\u00e7\u00e3o diante de todos e eles se abra\u00e7am. Miguel \u00c2ngelo [&hellip;]<\/p>\n","protected":false},"author":4,"featured_media":148670,"comment_status":"open","ping_status":"closed","sticky":false,"template":"","format":"standard","meta":{"tdm_status":"","tdm_grid_status":"","footnotes":""},"categories":[379,372,343],"tags":[441],"class_list":{"0":"post-149032","1":"post","2":"type-post","3":"status-publish","4":"format-standard","5":"has-post-thumbnail","7":"category-novelas","8":"category-sbt","9":"category-televisao","10":"tag-resumo-do-dia"},"_links":{"self":[{"href":"https:\/\/migracao.redenoticia.com.br\/noticia\/wp-json\/wp\/v2\/posts\/149032","targetHints":{"allow":["GET"]}}],"collection":[{"href":"https:\/\/migracao.redenoticia.com.br\/noticia\/wp-json\/wp\/v2\/posts"}],"about":[{"href":"https:\/\/migracao.redenoticia.com.br\/noticia\/wp-json\/wp\/v2\/types\/post"}],"author":[{"embeddable":true,"href":"https:\/\/migracao.redenoticia.com.br\/noticia\/wp-json\/wp\/v2\/users\/4"}],"replies":[{"embeddable":true,"href":"https:\/\/migracao.redenoticia.com.br\/noticia\/wp-json\/wp\/v2\/comments?post=149032"}],"version-history":[{"count":0,"href":"https:\/\/migracao.redenoticia.com.br\/noticia\/wp-json\/wp\/v2\/posts\/149032\/revisions"}],"wp:featuredmedia":[{"embeddable":true,"href":"https:\/\/migracao.redenoticia.com.br\/noticia\/wp-json\/wp\/v2\/media\/148670"}],"wp:attachment":[{"href":"https:\/\/migracao.redenoticia.com.br\/noticia\/wp-json\/wp\/v2\/media?parent=149032"}],"wp:term":[{"taxonomy":"category","embeddable":true,"href":"https:\/\/migracao.redenoticia.com.br\/noticia\/wp-json\/wp\/v2\/categories?post=149032"},{"taxonomy":"post_tag","embeddable":true,"href":"https:\/\/migracao.redenoticia.com.br\/noticia\/wp-json\/wp\/v2\/tags?post=149032"}],"curies":[{"name":"wp","href":"https:\/\/api.w.org\/{rel}","templated":true}]}}