{"id":149036,"date":"2018-08-14T13:12:40","date_gmt":"2018-08-14T16:12:40","guid":{"rendered":"https:\/\/www.redenoticia.com.br\/noticia\/?p=149036"},"modified":"2018-08-14T14:00:13","modified_gmt":"2018-08-14T17:00:13","slug":"resumo-novela-chiquititas-15-08-neco-substitui-os-medicamentos-por-balas","status":"publish","type":"post","link":"https:\/\/migracao.redenoticia.com.br\/noticia\/2018\/resumo-novela-chiquititas-15-08-neco-substitui-os-medicamentos-por-balas\/149036","title":{"rendered":"Resumo novela \u201cChiquititas\u201d 15\/08: Neco substitui os medicamentos por balas"},"content":{"rendered":"<p><img loading=\"lazy\" decoding=\"async\" class=\"alignleft size-thumbnail wp-image-49690\" src=\"http:\/\/www.redenoticia.com.br\/noticia\/imagens\/chiquititas1-150x112.jpg\" alt=\"chiquititas\" width=\"150\" height=\"112\" \/><strong><em>Resumo novela \u201cChiquititas\u201d 15\/08 <\/em><\/strong>: no cap\u00edtulo 502(*) da novela \u201cChiquititas\u201d, resumo de quarta-feira, 15 de agosto, Andr\u00e9 vai at\u00e9 o orfanato e diz para Cris que est\u00e1 se sentindo sozinho e perdido, pois seus amigos (Janj\u00e3o e Janu) n\u00e3o querem mais falar com ele. Os meninos dizem que ele \u00e9 bem-vindo no Raio de Luz. Joana sente tontura e desmaia. Maria fica desesperada. Bia vai ao zool\u00f3gico com Geraldo e Leandra. Neco pergunta para Fernando sobre os medicamentos. O m\u00e9dico conta que s\u00e3o calmantes e que o uso excessivo pode ser perigoso. Marian re\u00fane Janu, Janj\u00e3o e Tatu em sua casa para armarem um plano para prejudicar e expor Bel, Andr\u00e9 e as demais chiquititas. Cris diz para Andr\u00e9 que \u00e9 amiga dele pra sempre. <\/p>\n<p>Neco vai novamente at\u00e9 a casa de Helena. O garoto joga fora todos os medicamentos e os substitui por balas. Andreia diz para Junior que Carol \u00e9 uma bruta e machucou Diego. Junior diz que alugar\u00e1 um apartamento para Andreia e Diego morarem sozinhos. Junior garante que continuar\u00e1 vendo o filho, mas n\u00e3o quer mais se afastar de Carol. Andreia grita e diz que Junior n\u00e3o presta. Geraldo conta para Bia que o pai dela pode n\u00e3o ser um homem ruim e n\u00e3o saber da exist\u00eancia dela. Bia diz que o tio sempre disse que o pai dela n\u00e3o era uma boa pessoa. <\/p>\n<p>Gabriela vai at\u00e9 a cl\u00ednica visitar Valentina, que apresenta recupera\u00e7\u00e3o. Geraldo diz para a esposa que acha que prefere adotar Bia, pois a menina talvez n\u00e3o goste de saber que ele \u00e9 seu pai. Helena descobre que os rem\u00e9dios que ela anda dando para L\u00facia foram trocados por balas. Armando vai atr\u00e1s de Gabriela. Marian procura no quarto das meninas algo para incriminar ou prejudicar as chiquititas na escola. Marian encontra o di\u00e1rio de Cris, onde a menina declara que gosta de Andr\u00e9. Armando diz que se ela colaborar ele contar\u00e1 o que sabe sobre Miguel. Andreia discute com Junior e diz que ir\u00e1 voltar para a Inglaterra. A mulher finge um desmaio.<\/p>\n<p>(*) edi\u00e7\u00e3o do SBT, Novela \u201cChiquititas\u201d, sujeito a altera\u00e7\u00e3o de data e conte\u00fado.<\/p>\n<p>Chiquititas gira em torno do orfanato Raio de Luz, que carrega em sua hist\u00f3ria um grande segredo envolvendo a fam\u00edlia e o dono do orfanato, Dr. Jos\u00e9 Ricardo Almeida Campos. Em um per\u00edodo anterior \u00e0 novela, exatos treze anos, sua filha Gabriela se apaixonou e ficou gr\u00e1vida de Miguel, filho de Valentina, empregada da casa dos Almeida Campos. Pouco depois, Jos\u00e9 Ricardo sequestrou sua neta, pois, como um homem conservador, ele n\u00e3o aceitava a ideia de que sua filha se envolvesse com um empregado. Como sua neta, Milena, apelidada como Mili, precisava de um lugar para morar, ele comprou um casar\u00e3o e fundou um orfanato, o Raio de Luz. <\/p>\n<p>Mili cresceu l\u00e1 com outras garotas que chegaram posteriormente: Bia, Ana, as irm\u00e3s Tati e Vivi, e Cris. Ao decorrer dos anos, elas se tornam uma fam\u00edlia. Elas s\u00e3o supervisionadas por Ernestina, zeladora do orfanato, e Chico, o cozinheiro amado pelas internas. Sofia, ex-governanta da fam\u00edlia Almeida Campos, \u00e9 a diretora do lugar, at\u00e9 que Carmem, irm\u00e3 de Jos\u00e9 Ricardo, entre em seu lugar. Chegam ainda mais \u00f3rf\u00e3os: Pata, Mosca, Binho e Rafa, que viviam nas ruas antes de entrarem na institui\u00e7\u00e3o. Pata e Mili tornam-se amigas rapidamente, enquanto Mosca, Binho e Rafa s\u00e3o os primeiros garotos a entrar no abrigo. As crian\u00e7as sem-teto foram ajudadas por uma doce e bela garota que tocam e mudam a vida delas, assim como as das garotas \u00f3rf\u00e3s.<\/p>\n","protected":false},"excerpt":{"rendered":"<p>Resumo novela \u201cChiquititas\u201d 15\/08 : no cap\u00edtulo 502(*) da novela \u201cChiquititas\u201d, resumo de quarta-feira, 15 de agosto, Andr\u00e9 vai at\u00e9 o orfanato e diz para Cris que est\u00e1 se sentindo sozinho e perdido, pois seus amigos (Janj\u00e3o e Janu) n\u00e3o querem mais falar com ele. Os meninos dizem que ele \u00e9 bem-vindo no Raio de [&hellip;]<\/p>\n","protected":false},"author":4,"featured_media":148666,"comment_status":"open","ping_status":"closed","sticky":false,"template":"","format":"standard","meta":{"tdm_status":"","tdm_grid_status":"","footnotes":""},"categories":[409,379,372,343],"tags":[441],"class_list":{"0":"post-149036","1":"post","2":"type-post","3":"status-publish","4":"format-standard","5":"has-post-thumbnail","7":"category-chiquititas","8":"category-novelas","9":"category-sbt","10":"category-televisao","11":"tag-resumo-do-dia"},"_links":{"self":[{"href":"https:\/\/migracao.redenoticia.com.br\/noticia\/wp-json\/wp\/v2\/posts\/149036","targetHints":{"allow":["GET"]}}],"collection":[{"href":"https:\/\/migracao.redenoticia.com.br\/noticia\/wp-json\/wp\/v2\/posts"}],"about":[{"href":"https:\/\/migracao.redenoticia.com.br\/noticia\/wp-json\/wp\/v2\/types\/post"}],"author":[{"embeddable":true,"href":"https:\/\/migracao.redenoticia.com.br\/noticia\/wp-json\/wp\/v2\/users\/4"}],"replies":[{"embeddable":true,"href":"https:\/\/migracao.redenoticia.com.br\/noticia\/wp-json\/wp\/v2\/comments?post=149036"}],"version-history":[{"count":0,"href":"https:\/\/migracao.redenoticia.com.br\/noticia\/wp-json\/wp\/v2\/posts\/149036\/revisions"}],"wp:featuredmedia":[{"embeddable":true,"href":"https:\/\/migracao.redenoticia.com.br\/noticia\/wp-json\/wp\/v2\/media\/148666"}],"wp:attachment":[{"href":"https:\/\/migracao.redenoticia.com.br\/noticia\/wp-json\/wp\/v2\/media?parent=149036"}],"wp:term":[{"taxonomy":"category","embeddable":true,"href":"https:\/\/migracao.redenoticia.com.br\/noticia\/wp-json\/wp\/v2\/categories?post=149036"},{"taxonomy":"post_tag","embeddable":true,"href":"https:\/\/migracao.redenoticia.com.br\/noticia\/wp-json\/wp\/v2\/tags?post=149036"}],"curies":[{"name":"wp","href":"https:\/\/api.w.org\/{rel}","templated":true}]}}