{"id":149074,"date":"2018-08-14T18:25:17","date_gmt":"2018-08-14T21:25:17","guid":{"rendered":"https:\/\/www.redenoticia.com.br\/noticia\/?p=149074"},"modified":"2018-08-14T18:25:17","modified_gmt":"2018-08-14T21:25:17","slug":"novela-essas-mulheres-resumo-15-08-lemos-observa-gloria","status":"publish","type":"post","link":"https:\/\/migracao.redenoticia.com.br\/noticia\/2018\/novela-essas-mulheres-resumo-15-08-lemos-observa-gloria\/149074","title":{"rendered":"Novela \u201cEssas Mulheres\u201d resumo 15\/08: Lemos observa Gl\u00f3ria"},"content":{"rendered":"<p> <img loading=\"lazy\" decoding=\"async\" class=\"alignleft size-thumbnail wp-image-146736\" src=\"https:\/\/migracao.redenoticia.com.br\/imagens\/essas-mulheres-resumo-novela-record-150x112.jpg\" alt=\"\" width=\"150\" height=\"112\" srcset=\"https:\/\/migracao.redenoticia.com.br\/noticia\/imagens\/essas-mulheres-resumo-novela-record-150x112.jpg 150w, https:\/\/migracao.redenoticia.com.br\/noticia\/imagens\/essas-mulheres-resumo-novela-record-265x198.jpg 265w\" sizes=\"auto, (max-width: 150px) 100vw, 150px\" \/><em><strong>Novela \u201cEssas Mulheres\u201d resumo 15\/08<\/strong><\/em>: no capitulo 013 (*) da novela \u201cEssas Mulheres\u201d, quarta-feira, 15 de agosto, Aur\u00e9lia faz o mesmo. Rodrigo diz a Em\u00edlia que sua filha se prostituiu. Aur\u00e9lia chega em casa e se depara com muitos presentes. Firmina ensina Gl\u00f3ria a ter dom\u00ednio do corpo e liberdade de esp\u00edrito. Em\u00edlia decide procurar por Gl\u00f3ria e vai atr\u00e1s da ajuda de Torquato. Chateado com a devolu\u00e7\u00e3o dos presentes, Eduardo se lamenta para Geraldo. Lemos observa Gl\u00f3ria e se maravilha com sua beleza. Cunha diz a Lemos que gostaria de mais uma bela mo\u00e7a para trabalhar para ele. Lermos pensa em uma pessoa, mas nada diz. Fernando volta para casa pensativo. Adelaide sugere que Eduardo pe\u00e7a Aur\u00e9lia em noivado em p\u00fablico. Mila experimenta as roupas de seu irm\u00e3o Geraldo para poder sair na rua sem ser notada durante sua pintura. Adelaide prop\u00f5e uma parceria com Em\u00edlia. Sim\u00e3o e Martim reconhecem Mila. Aur\u00e9lia recebe uma carta de seu tio Lemos. Aur\u00e9lia vai at\u00e9 a loja de Lemos para descobrir o motivo da carta.<\/p>\n<p>(*) edi\u00e7\u00e3o da Rede Record, Novela \u201cEssas Mulheres\u201d, sujeito a altera\u00e7\u00e3o de data e conte\u00fado.<\/p>\n<p>\u201cEssas Mulheres\u201d &#8211; A trama se passa em 1880, na cidade do Rio de Janeiro, seguindo a vida de tr\u00eas mulheres fortes e determinadas. Aur\u00e9lia (Christine Fernandes), Maria da Gl\u00f3ria (Carla Cabral) e Mila (Miriam Freeland) s\u00e3o grandes amigas que frequentam as aulas de etiqueta juntas, por\u00e9m a vida n\u00e3o demora muito para coloca-las em rumos completamente diferentes. Aur\u00e9lia vivia com sua m\u00e3e e irm\u00e3o em uma casa de favor, por\u00e9m eles s\u00e3o expulsos quando seu tio Lemos (Paulo Gorgulho) vende o im\u00f3vel sem piedade, for\u00e7ando-os a ir morar de aluguel e ela trabalhar como empregada para a arrogante Adelaide (Adriana Garambone) \u2013 que a humilha constantemente e lhe rouba Fernando Seixas (Gabriel Braga Nunes), jornalista com quem ela vivia um romance.<\/p>\n","protected":false},"excerpt":{"rendered":"<p>Novela \u201cEssas Mulheres\u201d resumo 15\/08: no capitulo 013 (*) da novela \u201cEssas Mulheres\u201d, quarta-feira, 15 de agosto, Aur\u00e9lia faz o mesmo. Rodrigo diz a Em\u00edlia que sua filha se prostituiu. Aur\u00e9lia chega em casa e se depara com muitos presentes. Firmina ensina Gl\u00f3ria a ter dom\u00ednio do corpo e liberdade de esp\u00edrito. Em\u00edlia decide procurar [&hellip;]<\/p>\n","protected":false},"author":2,"featured_media":148140,"comment_status":"open","ping_status":"closed","sticky":false,"template":"","format":"standard","meta":{"tdm_status":"","tdm_grid_status":"","footnotes":""},"categories":[379,371,343],"tags":[441],"class_list":{"0":"post-149074","1":"post","2":"type-post","3":"status-publish","4":"format-standard","5":"has-post-thumbnail","7":"category-novelas","8":"category-rede-record","9":"category-televisao","10":"tag-resumo-do-dia"},"_links":{"self":[{"href":"https:\/\/migracao.redenoticia.com.br\/noticia\/wp-json\/wp\/v2\/posts\/149074","targetHints":{"allow":["GET"]}}],"collection":[{"href":"https:\/\/migracao.redenoticia.com.br\/noticia\/wp-json\/wp\/v2\/posts"}],"about":[{"href":"https:\/\/migracao.redenoticia.com.br\/noticia\/wp-json\/wp\/v2\/types\/post"}],"author":[{"embeddable":true,"href":"https:\/\/migracao.redenoticia.com.br\/noticia\/wp-json\/wp\/v2\/users\/2"}],"replies":[{"embeddable":true,"href":"https:\/\/migracao.redenoticia.com.br\/noticia\/wp-json\/wp\/v2\/comments?post=149074"}],"version-history":[{"count":0,"href":"https:\/\/migracao.redenoticia.com.br\/noticia\/wp-json\/wp\/v2\/posts\/149074\/revisions"}],"wp:featuredmedia":[{"embeddable":true,"href":"https:\/\/migracao.redenoticia.com.br\/noticia\/wp-json\/wp\/v2\/media\/148140"}],"wp:attachment":[{"href":"https:\/\/migracao.redenoticia.com.br\/noticia\/wp-json\/wp\/v2\/media?parent=149074"}],"wp:term":[{"taxonomy":"category","embeddable":true,"href":"https:\/\/migracao.redenoticia.com.br\/noticia\/wp-json\/wp\/v2\/categories?post=149074"},{"taxonomy":"post_tag","embeddable":true,"href":"https:\/\/migracao.redenoticia.com.br\/noticia\/wp-json\/wp\/v2\/tags?post=149074"}],"curies":[{"name":"wp","href":"https:\/\/api.w.org\/{rel}","templated":true}]}}