{"id":149076,"date":"2018-08-14T18:28:47","date_gmt":"2018-08-14T21:28:47","guid":{"rendered":"https:\/\/www.redenoticia.com.br\/noticia\/?p=149076"},"modified":"2018-08-16T21:07:31","modified_gmt":"2018-08-17T00:07:31","slug":"novela-a-terra-prometida-resumo-15-08-samara-pega-informacoes-sobre-ana-com-ines","status":"publish","type":"post","link":"https:\/\/migracao.redenoticia.com.br\/noticia\/2018\/novela-a-terra-prometida-resumo-15-08-samara-pega-informacoes-sobre-ana-com-ines\/149076","title":{"rendered":"Novela \u201cA Terra Prometida\u201d resumo 15\/08: Raabe cuida de Melquias"},"content":{"rendered":"<p> <img loading=\"lazy\" decoding=\"async\" class=\"alignleft size-thumbnail wp-image-89446\" src=\"https:\/\/migracao.redenoticia.com.br\/imagens\/a-terra-prometida-novela-record-resumo-150x112.jpg\" alt=\"\" width=\"150\" height=\"112\" srcset=\"https:\/\/migracao.redenoticia.com.br\/noticia\/imagens\/a-terra-prometida-novela-record-resumo-150x112.jpg 150w, https:\/\/migracao.redenoticia.com.br\/noticia\/imagens\/a-terra-prometida-novela-record-resumo-265x198.jpg 265w\" sizes=\"auto, (max-width: 150px) 100vw, 150px\" \/><em><strong>Novela \u201cA Terra Prometida\u201d resumo 15\/08<\/strong><\/em>: no capitulo 016 (*) da novela \u201cA Terra Prometida\u201d, quarta-feira, 15 de agosto, na estalagem, Tibar e Kadmo comentam sobre os hebreus fugitivos. Raabe e Salmon cuidam de Melquias. Kadmo diz que os hebreus jamais entrar\u00e3o em Jeric\u00f3. Josu\u00e9 se incomoda com os elogios de Samara. <\/p>\n<p>(*) edi\u00e7\u00e3o da Rede Record, Novela \u201cA Terra Prometida\u201d, sujeito a altera\u00e7\u00e3o de data e conte\u00fado.<\/p>\n<p>\u201cA Terra Prometida\u201d &#8211; Ap\u00f3s a morte de Mois\u00e9s, Josu\u00e9 \u00e9 o novo l\u00edder dos hebreus. Ele \u00e9 um guerreiro experiente, dotado de coragem, determina\u00e7\u00e3o e de uma f\u00e9 poderosa. Mas n\u00e3o \u00e9 tarefa f\u00e1cil conduzir um povo ao seu destino! Com seus aliados mais pr\u00f3ximos e de confian\u00e7a, o sacerdote levita Eleazar e o l\u00edder da tribo Jud\u00e1 Calebe, Josu\u00e9 tem que cumprir uma dif\u00edcil miss\u00e3o ordenada por Deus: comandar as doze tribos de Israel na conquista de Cana\u00e3, \u201cA Terra Prometida\u201d.<\/p>\n","protected":false},"excerpt":{"rendered":"<p>Novela \u201cA Terra Prometida\u201d resumo 15\/08: no capitulo 016 (*) da novela \u201cA Terra Prometida\u201d, quarta-feira, 15 de agosto, na estalagem, Tibar e Kadmo comentam sobre os hebreus fugitivos. Raabe e Salmon cuidam de Melquias. Kadmo diz que os hebreus jamais entrar\u00e3o em Jeric\u00f3. Josu\u00e9 se incomoda com os elogios de Samara. (*) edi\u00e7\u00e3o da [&hellip;]<\/p>\n","protected":false},"author":2,"featured_media":148656,"comment_status":"open","ping_status":"closed","sticky":false,"template":"","format":"standard","meta":{"tdm_status":"","tdm_grid_status":"","footnotes":""},"categories":[446,379,371,343],"tags":[441],"class_list":{"0":"post-149076","1":"post","2":"type-post","3":"status-publish","4":"format-standard","5":"has-post-thumbnail","7":"category-a-terra-prometida","8":"category-novelas","9":"category-rede-record","10":"category-televisao","11":"tag-resumo-do-dia"},"_links":{"self":[{"href":"https:\/\/migracao.redenoticia.com.br\/noticia\/wp-json\/wp\/v2\/posts\/149076","targetHints":{"allow":["GET"]}}],"collection":[{"href":"https:\/\/migracao.redenoticia.com.br\/noticia\/wp-json\/wp\/v2\/posts"}],"about":[{"href":"https:\/\/migracao.redenoticia.com.br\/noticia\/wp-json\/wp\/v2\/types\/post"}],"author":[{"embeddable":true,"href":"https:\/\/migracao.redenoticia.com.br\/noticia\/wp-json\/wp\/v2\/users\/2"}],"replies":[{"embeddable":true,"href":"https:\/\/migracao.redenoticia.com.br\/noticia\/wp-json\/wp\/v2\/comments?post=149076"}],"version-history":[{"count":0,"href":"https:\/\/migracao.redenoticia.com.br\/noticia\/wp-json\/wp\/v2\/posts\/149076\/revisions"}],"wp:featuredmedia":[{"embeddable":true,"href":"https:\/\/migracao.redenoticia.com.br\/noticia\/wp-json\/wp\/v2\/media\/148656"}],"wp:attachment":[{"href":"https:\/\/migracao.redenoticia.com.br\/noticia\/wp-json\/wp\/v2\/media?parent=149076"}],"wp:term":[{"taxonomy":"category","embeddable":true,"href":"https:\/\/migracao.redenoticia.com.br\/noticia\/wp-json\/wp\/v2\/categories?post=149076"},{"taxonomy":"post_tag","embeddable":true,"href":"https:\/\/migracao.redenoticia.com.br\/noticia\/wp-json\/wp\/v2\/tags?post=149076"}],"curies":[{"name":"wp","href":"https:\/\/api.w.org\/{rel}","templated":true}]}}