{"id":149083,"date":"2018-08-14T19:13:34","date_gmt":"2018-08-14T22:13:34","guid":{"rendered":"https:\/\/www.redenoticia.com.br\/noticia\/?p=149083"},"modified":"2018-08-14T19:13:34","modified_gmt":"2018-08-14T22:13:34","slug":"novela-orgulho-e-paixao-luccino-recusa-plano-de-otavio","status":"publish","type":"post","link":"https:\/\/migracao.redenoticia.com.br\/noticia\/2018\/novela-orgulho-e-paixao-luccino-recusa-plano-de-otavio\/149083","title":{"rendered":"Novela \u201cOrgulho e Paix\u00e3o\u201d: Luccino recusa plano de Ot\u00e1vio"},"content":{"rendered":"<p><img loading=\"lazy\" decoding=\"async\" src=\"https:\/\/migracao.redenoticia.com.br\/noticia\/imagens\/orgulho-paixao-resumo-novela-150x112.jpg\" alt=\"\" width=\"150\" height=\"112\" class=\"alignleft size-thumbnail wp-image-148134\" srcset=\"https:\/\/migracao.redenoticia.com.br\/noticia\/imagens\/orgulho-paixao-resumo-novela-150x112.jpg 150w, https:\/\/migracao.redenoticia.com.br\/noticia\/imagens\/orgulho-paixao-resumo-novela-265x198.jpg 265w, https:\/\/migracao.redenoticia.com.br\/noticia\/imagens\/orgulho-paixao-resumo-novela-485x360.jpg 485w\" sizes=\"auto, (max-width: 150px) 100vw, 150px\" \/><strong><em>Novela \u201cOrgulho e Paix\u00e3o\u201d:<\/em><\/strong> Gaetano (Jairo Mattos) descobre que Luccino (Juliano Laham) gosta de Ot\u00e1vio (Pedro Henrique Muller) e expulsa o filho de casa. Ot\u00e1vio fica preocupado com Luccino, o procura na oficina e diz que vai deixar o ex\u00e9rcito para eles poderem fugir juntos para um local desconhecido. Luccino toma um susto e acaba com o plano do militar ao dizer que n\u00e3o deixar\u00e1 o vale com Ot\u00e1vio. Luccino promete que vai procurar um lugar para se hospedar e, logo depois, pede abrigo a Brand\u00e3o (Malvino Salvador). O militar acolhe o amigo em sua casa.  <\/p>\n<p>Veja o contexto no resumo de &#8220;Orgulho e Paix\u00e3o&#8221;, 24 de Agosto, no portal .<\/p>\n<p>No fict\u00edcio Vale do Caf\u00e9, interior de S\u00e3o Paulo, nossos personagens vivem seus conflitos sociais e de conduta, que sempre se contrap\u00f5em aos desejos pessoais de cada um. Elisabeta (Nathalia Dill) \u00e9 uma mulher \u00e0 frente do seu tempo, com pensamentos igualit\u00e1rios e interesses at\u00edpicos para uma jovem do in\u00edcio do s\u00e9culo XX. Ela deseja trabalhar, conhecer o mundo e \u00e9 incentivada a realizar seus sonhos pelo pai, Felisberto (Tato Gabus Mendes), que vive \u00e0s turras com a mulher, Of\u00e9lia (Vera Holtz), por pensarem diferente sobre a cria\u00e7\u00e3o das filhas. Ao todo, o casal teve cinco mulheres, e cada uma com uma personalidade diferente.<\/p>\n<p>A personagem de Nathalia Dill entrar\u00e1 em conflito quando se apaixonar por Darcy (Thiago Lacerda), um homem de car\u00e1ter e muito sisudo. O amor n\u00e3o \u00e9 \u00e0 primeira vista, j\u00e1 que os dois n\u00e3o se entendem assim que se conhecem. O sentimento de repulsa dar\u00e1 lugar a uma grande paix\u00e3o, que ser\u00e1 negada pelo casal o m\u00e1ximo poss\u00edvel.<\/p>\n<p>Fonte: &#8220;Orgulho e Paix\u00e3o&#8221;, novela da Rede Globo<\/p>\n","protected":false},"excerpt":{"rendered":"<p>Novela \u201cOrgulho e Paix\u00e3o\u201d: Gaetano (Jairo Mattos) descobre que Luccino (Juliano Laham) gosta de Ot\u00e1vio (Pedro Henrique Muller) e expulsa o filho de casa. Ot\u00e1vio fica preocupado com Luccino, o procura na oficina e diz que vai deixar o ex\u00e9rcito para eles poderem fugir juntos para um local desconhecido. Luccino toma um susto e acaba [&hellip;]<\/p>\n","protected":false},"author":2,"featured_media":148134,"comment_status":"open","ping_status":"closed","sticky":false,"template":"","format":"standard","meta":{"tdm_status":"","tdm_grid_status":"","footnotes":""},"categories":[388,379,467,375,343],"tags":[440],"class_list":{"0":"post-149083","1":"post","2":"type-post","3":"status-publish","4":"format-standard","5":"has-post-thumbnail","7":"category-destaques","8":"category-novelas","9":"category-orgulho-e-paixao","10":"category-rede-globo","11":"category-televisao","12":"tag-noticia-novela"},"_links":{"self":[{"href":"https:\/\/migracao.redenoticia.com.br\/noticia\/wp-json\/wp\/v2\/posts\/149083","targetHints":{"allow":["GET"]}}],"collection":[{"href":"https:\/\/migracao.redenoticia.com.br\/noticia\/wp-json\/wp\/v2\/posts"}],"about":[{"href":"https:\/\/migracao.redenoticia.com.br\/noticia\/wp-json\/wp\/v2\/types\/post"}],"author":[{"embeddable":true,"href":"https:\/\/migracao.redenoticia.com.br\/noticia\/wp-json\/wp\/v2\/users\/2"}],"replies":[{"embeddable":true,"href":"https:\/\/migracao.redenoticia.com.br\/noticia\/wp-json\/wp\/v2\/comments?post=149083"}],"version-history":[{"count":0,"href":"https:\/\/migracao.redenoticia.com.br\/noticia\/wp-json\/wp\/v2\/posts\/149083\/revisions"}],"wp:featuredmedia":[{"embeddable":true,"href":"https:\/\/migracao.redenoticia.com.br\/noticia\/wp-json\/wp\/v2\/media\/148134"}],"wp:attachment":[{"href":"https:\/\/migracao.redenoticia.com.br\/noticia\/wp-json\/wp\/v2\/media?parent=149083"}],"wp:term":[{"taxonomy":"category","embeddable":true,"href":"https:\/\/migracao.redenoticia.com.br\/noticia\/wp-json\/wp\/v2\/categories?post=149083"},{"taxonomy":"post_tag","embeddable":true,"href":"https:\/\/migracao.redenoticia.com.br\/noticia\/wp-json\/wp\/v2\/tags?post=149083"}],"curies":[{"name":"wp","href":"https:\/\/api.w.org\/{rel}","templated":true}]}}