{"id":149085,"date":"2018-08-14T19:15:39","date_gmt":"2018-08-14T22:15:39","guid":{"rendered":"https:\/\/www.redenoticia.com.br\/noticia\/?p=149085"},"modified":"2018-08-14T19:15:39","modified_gmt":"2018-08-14T22:15:39","slug":"novela-o-tempo-nao-para-betina-faz-samuca-desconfiar-de-marocas","status":"publish","type":"post","link":"https:\/\/migracao.redenoticia.com.br\/noticia\/2018\/novela-o-tempo-nao-para-betina-faz-samuca-desconfiar-de-marocas\/149085","title":{"rendered":"Novela \u201cO Tempo N\u00e3o Para\u201d: Betina faz Samuca desconfiar de Marocas"},"content":{"rendered":"<p><img loading=\"lazy\" decoding=\"async\" src=\"https:\/\/migracao.redenoticia.com.br\/noticia\/imagens\/o-tempo-nao-para-samuca-150x112.jpg\" alt=\"\" width=\"150\" height=\"112\" class=\"alignleft size-thumbnail wp-image-148676\" srcset=\"https:\/\/migracao.redenoticia.com.br\/noticia\/imagens\/o-tempo-nao-para-samuca-150x112.jpg 150w, https:\/\/migracao.redenoticia.com.br\/noticia\/imagens\/o-tempo-nao-para-samuca-265x198.jpg 265w, https:\/\/migracao.redenoticia.com.br\/noticia\/imagens\/o-tempo-nao-para-samuca-485x360.jpg 485w\" sizes=\"auto, (max-width: 150px) 100vw, 150px\" \/><strong><em> Novela \u201cO Tempo N\u00e3o Para\u201d: <\/em><\/strong>: Samuca (Nicolas Prattes) pede autoriza\u00e7\u00e3o de Sabino (Edson Celulari) para cortejar Marocas (Juliana Paiva) e eles ficam noivos. Marocas encontra Betina (Cleo) e a informa sobre o compromisso com Samuca. A rejeitada lembra Marocas que tem uma hist\u00f3ria ao lado do empres\u00e1rio e as inimigas trocam ofensas. Betina arranha seu pr\u00f3prio rosto e pede socorro. Marocas tenta impedir e fica suja de sangue. Samuca arromba a porta, desconfia da hist\u00f3ria contada pela amada, e Marocas sai ofendida. <\/p>\n<p>Veja o contexto no resumo de &#8220;O Tempo N\u00e3o Para&#8221;, 25 de Agosto, no portal .<\/p>\n<p>\u00a0<\/p>\n<p>(*) edi\u00e7\u00e3o da Rede Globo, Novela \u201cO Tempo N\u00e3o Para\u201d, sujeito a altera\u00e7\u00e3o de data e conte\u00fado.<\/p>\n<p>Anos de avan\u00e7os e descobertas que moldaram costumes, h\u00e1bitos e linguagens da sociedade contempor\u00e2nea v\u00e3o gerar um choque em uma abastada fam\u00edlia do s\u00e9culo XIX que desperta no s\u00e9culo XXI. Por 132 anos, os Sabino Machado e seus agregados ficaram congelados, dentro de um bloco de gelo, enquanto a vida l\u00e1 fora passava. Agora, v\u00e3o despertar em uma S\u00e3o Paulo pulsante e turbulenta e se deparar com a sociedade em pleno 2018. &#8220;O Tempo N\u00e3o Para&#8221;, nova novela das 7, \u00e9 escrita por Mario Teixeira e tem dire\u00e7\u00e3o art\u00edstica de Leonardo Nogueira. <\/p>\n","protected":false},"excerpt":{"rendered":"<p>Novela \u201cO Tempo N\u00e3o Para\u201d: : Samuca (Nicolas Prattes) pede autoriza\u00e7\u00e3o de Sabino (Edson Celulari) para cortejar Marocas (Juliana Paiva) e eles ficam noivos. Marocas encontra Betina (Cleo) e a informa sobre o compromisso com Samuca. A rejeitada lembra Marocas que tem uma hist\u00f3ria ao lado do empres\u00e1rio e as inimigas trocam ofensas. Betina arranha [&hellip;]<\/p>\n","protected":false},"author":2,"featured_media":148676,"comment_status":"open","ping_status":"closed","sticky":false,"template":"","format":"standard","meta":{"tdm_status":"","tdm_grid_status":"","footnotes":""},"categories":[388,379,490,375,343],"tags":[440],"class_list":{"0":"post-149085","1":"post","2":"type-post","3":"status-publish","4":"format-standard","5":"has-post-thumbnail","7":"category-destaques","8":"category-novelas","9":"category-o-tempo-nao-para","10":"category-rede-globo","11":"category-televisao","12":"tag-noticia-novela"},"_links":{"self":[{"href":"https:\/\/migracao.redenoticia.com.br\/noticia\/wp-json\/wp\/v2\/posts\/149085","targetHints":{"allow":["GET"]}}],"collection":[{"href":"https:\/\/migracao.redenoticia.com.br\/noticia\/wp-json\/wp\/v2\/posts"}],"about":[{"href":"https:\/\/migracao.redenoticia.com.br\/noticia\/wp-json\/wp\/v2\/types\/post"}],"author":[{"embeddable":true,"href":"https:\/\/migracao.redenoticia.com.br\/noticia\/wp-json\/wp\/v2\/users\/2"}],"replies":[{"embeddable":true,"href":"https:\/\/migracao.redenoticia.com.br\/noticia\/wp-json\/wp\/v2\/comments?post=149085"}],"version-history":[{"count":0,"href":"https:\/\/migracao.redenoticia.com.br\/noticia\/wp-json\/wp\/v2\/posts\/149085\/revisions"}],"wp:featuredmedia":[{"embeddable":true,"href":"https:\/\/migracao.redenoticia.com.br\/noticia\/wp-json\/wp\/v2\/media\/148676"}],"wp:attachment":[{"href":"https:\/\/migracao.redenoticia.com.br\/noticia\/wp-json\/wp\/v2\/media?parent=149085"}],"wp:term":[{"taxonomy":"category","embeddable":true,"href":"https:\/\/migracao.redenoticia.com.br\/noticia\/wp-json\/wp\/v2\/categories?post=149085"},{"taxonomy":"post_tag","embeddable":true,"href":"https:\/\/migracao.redenoticia.com.br\/noticia\/wp-json\/wp\/v2\/tags?post=149085"}],"curies":[{"name":"wp","href":"https:\/\/api.w.org\/{rel}","templated":true}]}}