{"id":149100,"date":"2018-08-15T00:19:03","date_gmt":"2018-08-15T03:19:03","guid":{"rendered":"https:\/\/www.redenoticia.com.br\/noticia\/?p=149100"},"modified":"2018-08-15T00:19:03","modified_gmt":"2018-08-15T03:19:03","slug":"setor-de-servicos-cresce-66-em-junho","status":"publish","type":"post","link":"https:\/\/migracao.redenoticia.com.br\/noticia\/2018\/setor-de-servicos-cresce-66-em-junho\/149100","title":{"rendered":"Setor de servi\u00e7os cresce 6,6% em junho"},"content":{"rendered":"<p><img loading=\"lazy\" decoding=\"async\" src=\"https:\/\/migracao.redenoticia.com.br\/noticia\/imagens\/economia-grafico-1-150x112.jpg\" alt=\"\" width=\"150\" height=\"112\" class=\"alignleft size-thumbnail wp-image-148074\" srcset=\"https:\/\/migracao.redenoticia.com.br\/noticia\/imagens\/economia-grafico-1-150x112.jpg 150w, https:\/\/migracao.redenoticia.com.br\/noticia\/imagens\/economia-grafico-1-265x198.jpg 265w\" sizes=\"auto, (max-width: 150px) 100vw, 150px\" \/>O volume do <strong><em>setor de servi\u00e7os<\/em><\/strong> fechou o m\u00eas de junho com crescimento de 6.6% em rela\u00e7\u00e3o a abril (livre de influ\u00eancias sazonais), registrando a maior expans\u00e3o da s\u00e9rie hist\u00f3rica iniciada em 2011. O resultado foi divulgado pelo Instituto Brasileiro de Geografia e Estat\u00edstica (IBGE) e reverte a queda de 5% registrada em maio &#8211; quando ocorreu a greve dos caminhoneiros.<\/p>\n<p>Mesmo com o crescimento de junho frente a maio, o setor de servi\u00e7os fecha os primeiros seis meses do ano negativo em 0,9%, inferior \u00e0 queda acumulada at\u00e9 maio, que era de -1,3%.<\/p>\n<p>Em rela\u00e7\u00e3o a junho de 2017 (sem ajuste sazonal), o volume de servi\u00e7os avan\u00e7ou 0,9%, registrando a segunda taxa positiva do ano nessa compara\u00e7\u00e3o.<\/p>\n<p>O acumulado nos \u00faltimos 12 meses passou de -1,6% em maio para -1,2% em junho, mantendo a trajet\u00f3ria ascendente iniciada em abril de 2017, quando a taxa era negativa em 5,1%.<\/p>\n<p>Atividade de transportes puxa crescimento<br \/>\nA expans\u00e3o de 6,6% no setor de servi\u00e7os de maio para junho reflete o avan\u00e7o em quatro das cinco atividades pesquisadas pelo IBGE, no \u00e2mbito da Pesquisa Mensal de Servi\u00e7os (PMS), e foi puxado, principalmente, pelo setor de transportes, servi\u00e7os auxiliares aos transportes e correios, que cresceu 15,7% em junho, eliminando a perda de 10,6% de maio, \u201crepresentando a expans\u00e3o mais intensa da s\u00e9rie hist\u00f3rica\u201d, disse o IBGE.<\/p>\n<p>O segmento de transporte terrestre tamb\u00e9m alcan\u00e7ou a maior taxa da s\u00e9rie ao crescer 23,4% em junho, impulsionado pelo aumento na receita das empresas de transporte rodovi\u00e1rio de carga, que representam 59,7% dos transportes terrestres.<\/p>\n<p>Os demais resultados positivos vieram dos ramos de servi\u00e7os de informa\u00e7\u00e3o e comunica\u00e7\u00e3o (expans\u00e3o de 2,5%), de outros servi\u00e7os (3,9%) e de servi\u00e7os profissionais, administrativos e complementares (0,4%).<\/p>\n<p>A \u00fanica exce\u00e7\u00e3o entre as cinco atividades foi a de servi\u00e7os prestados \u00e0s fam\u00edlias que recuaram 2,5% e assinalaram a segunda taxa negativa seguida, acumulando perda de 3,8%.<\/p>\n<p>Ainda na s\u00e9rie com ajuste sazonal, a m\u00e9dia m\u00f3vel trimestral subiu 0,8% frente ao m\u00eas anterior, recuperando parte da perda verificada no trimestre encerrado em maio (-1,4%).<\/p>\n<p>Primeiro semestre<br \/>\nA queda de 0,9% no resultado acumulado no primeiro semestre do ano, frente a igual per\u00edodo de 2017, reflete taxas negativas em tr\u00eas das cinco atividades e em 58,4% dos 166 tipos de servi\u00e7os analisados.<\/p>\n<p>Entre as atividades, os servi\u00e7os de informa\u00e7\u00e3o e comunica\u00e7\u00e3o e os profissionais, administrativos e complementares tiveram os principais impactos negativos sobre o \u00edndice global. No primeiro caso, a queda foi de 2,0% e, no segundo, de 2,1%.<\/p>\n<p>Resultados regionais<br \/>\nRegionalmente, o crescimento de 6,6% no setor de servi\u00e7os de maio para junho deste ano reflete expans\u00e3o em 22 dos 27 estados.<\/p>\n<p>Dentre os resultados positivos, o destaque \u00e9 para S\u00e3o Paulo, o principal parque fabril do pa\u00eds, com crescimento de 4,6% na s\u00e9rie dessazonalizada &#8211; a alta mais intensa desde o in\u00edcio da s\u00e9rie hist\u00f3rica iniciada em janeiro de 2011.<\/p>\n<p>Outros resultados positivos vieram de Minas Gerais, com crescimento significativo (9,8%); Paran\u00e1 (10,1%); Rio de Janeiro (3,6%); Mato Grosso (22,6%); e Bahia (9,7%), todos revertendo as quedas de maio em fun\u00e7\u00e3o da paralisa\u00e7\u00e3o dos caminhoneiros.<\/p>\n<p>J\u00e1 em rela\u00e7\u00e3o a junho de 2017, o aumento do volume de servi\u00e7os no Brasil (0,9%) foi acompanhado por apenas 8 das 27 unidades da federa\u00e7\u00e3o, com S\u00e3o Paulo (1,7%), Rio de Janeiro (3,8%), Minas Gerais (3,5%) e Distrito Federal (5,9%) exercendo os principais impactos positivos.<\/p>\n<p>J\u00e1 os impactos negativos mais importantes ficaram com o Cear\u00e1 (-8,5%), Rio Grande do Sul (-2,8%), Paran\u00e1 (-2,3%) e Esp\u00edrito Santo (-8,0%).<\/p>\n<p>Atividades tur\u00edsticas<br \/>\nO \u00edndice de atividades tur\u00edsticas avan\u00e7ou 1,0% na passagem de maio para junho de 2018, recuperando parte da perda de 1,6% registrada no m\u00eas anterior.<\/p>\n<p>Regionalmente, sete das doze unidades da federa\u00e7\u00e3o acompanharam o movimento de crescimento, com destaque para S\u00e3o Paulo que, ao avan\u00e7ar 2,7% no m\u00eas, acumulou ganho de 15,4% entre mar\u00e7o e junho.<\/p>\n<p>Outros impactos positivos vieram do Rio de Janeiro (1,0%) e Distrito Federal (4,7%). As atividades tur\u00edsticas de Paran\u00e1 (-3,1%) e Santa Catarina (-2,7%) mostraram os recuos mais importantes, com ambos acumulando perda de 5,9% nos dois \u00faltimos meses.<\/p>\n<p>Nielmar de Oliveira &#8211; Rep\u00f3rter da Ag\u00eancia Brasil<br \/>\nEdi\u00e7\u00e3o: Gra\u00e7a Adjuto\/Kleber Sampaio<br \/>\n15\/08\/2018<\/p>\n","protected":false},"excerpt":{"rendered":"<p>O volume do setor de servi\u00e7os fechou o m\u00eas de junho com crescimento de 6.6% em rela\u00e7\u00e3o a abril (livre de influ\u00eancias sazonais), registrando a maior expans\u00e3o da s\u00e9rie hist\u00f3rica iniciada em 2011. O resultado foi divulgado pelo Instituto Brasileiro de Geografia e Estat\u00edstica (IBGE) e reverte a queda de 5% registrada em maio &#8211; [&hellip;]<\/p>\n","protected":false},"author":2,"featured_media":148074,"comment_status":"open","ping_status":"closed","sticky":false,"template":"","format":"standard","meta":{"tdm_status":"","tdm_grid_status":"","footnotes":""},"categories":[22,7],"tags":[],"class_list":{"0":"post-149100","1":"post","2":"type-post","3":"status-publish","4":"format-standard","5":"has-post-thumbnail","7":"category-brasil","8":"category-economia"},"_links":{"self":[{"href":"https:\/\/migracao.redenoticia.com.br\/noticia\/wp-json\/wp\/v2\/posts\/149100","targetHints":{"allow":["GET"]}}],"collection":[{"href":"https:\/\/migracao.redenoticia.com.br\/noticia\/wp-json\/wp\/v2\/posts"}],"about":[{"href":"https:\/\/migracao.redenoticia.com.br\/noticia\/wp-json\/wp\/v2\/types\/post"}],"author":[{"embeddable":true,"href":"https:\/\/migracao.redenoticia.com.br\/noticia\/wp-json\/wp\/v2\/users\/2"}],"replies":[{"embeddable":true,"href":"https:\/\/migracao.redenoticia.com.br\/noticia\/wp-json\/wp\/v2\/comments?post=149100"}],"version-history":[{"count":0,"href":"https:\/\/migracao.redenoticia.com.br\/noticia\/wp-json\/wp\/v2\/posts\/149100\/revisions"}],"wp:featuredmedia":[{"embeddable":true,"href":"https:\/\/migracao.redenoticia.com.br\/noticia\/wp-json\/wp\/v2\/media\/148074"}],"wp:attachment":[{"href":"https:\/\/migracao.redenoticia.com.br\/noticia\/wp-json\/wp\/v2\/media?parent=149100"}],"wp:term":[{"taxonomy":"category","embeddable":true,"href":"https:\/\/migracao.redenoticia.com.br\/noticia\/wp-json\/wp\/v2\/categories?post=149100"},{"taxonomy":"post_tag","embeddable":true,"href":"https:\/\/migracao.redenoticia.com.br\/noticia\/wp-json\/wp\/v2\/tags?post=149100"}],"curies":[{"name":"wp","href":"https:\/\/api.w.org\/{rel}","templated":true}]}}