{"id":149104,"date":"2018-08-15T00:02:54","date_gmt":"2018-08-15T03:02:54","guid":{"rendered":"https:\/\/www.redenoticia.com.br\/noticia\/?p=149104"},"modified":"2018-08-15T00:02:54","modified_gmt":"2018-08-15T03:02:54","slug":"pos-doutorado-em-oncologia-molecular-com-bolsa-da-fapesp","status":"publish","type":"post","link":"https:\/\/migracao.redenoticia.com.br\/noticia\/2018\/pos-doutorado-em-oncologia-molecular-com-bolsa-da-fapesp\/149104","title":{"rendered":"P\u00f3s-doutorado em oncologia molecular com bolsa da FAPESP"},"content":{"rendered":"<p><img loading=\"lazy\" decoding=\"async\" src=\"https:\/\/migracao.redenoticia.com.br\/noticia\/imagens\/saude-9-150x112.jpg\" alt=\"\" width=\"150\" height=\"112\" class=\"alignleft size-thumbnail wp-image-148570\" srcset=\"https:\/\/migracao.redenoticia.com.br\/noticia\/imagens\/saude-9-150x112.jpg 150w, https:\/\/migracao.redenoticia.com.br\/noticia\/imagens\/saude-9-265x198.jpg 265w\" sizes=\"auto, (max-width: 150px) 100vw, 150px\" \/>Ag\u00eancia FAPESP\u00a0\u2013 O Projeto Tem\u00e1tico\u00a0\u201c\u201d\u00a0disp\u00f5e de uma vaga de <strong><em>p\u00f3s-doutorado<\/em><\/strong>, com bolsa da FAPESP, na Faculdade de Ci\u00eancias Farmac\u00eauticas de Ribeir\u00e3o Preto da USP. A inscri\u00e7\u00e3o pode ser feita at\u00e9 20 de agosto de 2018.<\/p>\n<p>O objetivo principal do projeto \u00e9 estudar a sinaliza\u00e7\u00e3o de esfingolip\u00eddios (classe de mol\u00e9culas de lip\u00eddios) e alvos regulados pela prote\u00edna SET e esfingolip\u00eddios em c\u00e2ncer de cabe\u00e7a e pesco\u00e7o.<\/p>\n<p>S\u00e3o feitos ensaios\u00a0in vitro\u00a0e\u00a0in vivo\u00a0com o prop\u00f3sito de identificar novas estrat\u00e9gias terap\u00eauticas antitumorais e avan\u00e7ar no conhecimento sobre esfingolip\u00eddios em c\u00e2ncer de cabe\u00e7a e pesco\u00e7o.<\/p>\n<p>A posi\u00e7\u00e3o requer boas habilidades e experi\u00eancia em diversas t\u00e9cnicas de biologia molecular e celular, al\u00e9m de manipula\u00e7\u00e3o e uso de animais para experimenta\u00e7\u00e3o animal em pesquisa.<\/p>\n<p>Os candidatos devem enviar uma carta de apresenta\u00e7\u00e3o, curriculum vitae atualizado e duas cartas de recomenda\u00e7\u00e3o em um arquivo \u00fanico em pdf para a professora coordenadora do projeto,\u00a0\u00a0(andreiaml@usp.br).<\/p>\n<p>Mais informa\u00e7\u00f5es sobre a vaga:\u00a0.<\/p>\n<p>A oportunidade est\u00e1 aberta a brasileiros e estrangeiros. O selecionado receber\u00e1 Bolsa de P\u00f3s-Doutorado da FAPESP no valor de R$ 7.174,80 mensais e Reserva T\u00e9cnica equivalente a 15% do valor anual da bolsa para atender a despesas imprevistas e diretamente relacionadas \u00e0 atividade de pesquisa.<\/p>\n<p>Caso o bolsista de PD resida em domic\u00edlio diferente e precise se mudar para a cidade onde se localiza a institui\u00e7\u00e3o-sede da pesquisa, poder\u00e1 ter direito a um Aux\u00edlio-Instala\u00e7\u00e3o. Mais informa\u00e7\u00f5es sobre a Bolsa de P\u00f3s-Doutorado da FAPESP est\u00e3o dispon\u00edveis em\u00a0.<\/p>\n<p>Outras vagas de bolsas, em diversas \u00e1reas do conhecimento, est\u00e3o no site FAPESP-Oportunidades, em\u00a0.<\/p>\n","protected":false},"excerpt":{"rendered":"<p>Ag\u00eancia FAPESP\u00a0\u2013 O Projeto Tem\u00e1tico\u00a0\u201c\u201d\u00a0disp\u00f5e de uma vaga de p\u00f3s-doutorado, com bolsa da FAPESP, na Faculdade de Ci\u00eancias Farmac\u00eauticas de Ribeir\u00e3o Preto da USP. A inscri\u00e7\u00e3o pode ser feita at\u00e9 20 de agosto de 2018. O objetivo principal do projeto \u00e9 estudar a sinaliza\u00e7\u00e3o de esfingolip\u00eddios (classe de mol\u00e9culas de lip\u00eddios) e alvos regulados pela [&hellip;]<\/p>\n","protected":false},"author":2,"featured_media":148570,"comment_status":"open","ping_status":"closed","sticky":false,"template":"","format":"standard","meta":{"tdm_status":"","tdm_grid_status":"","footnotes":""},"categories":[370,353],"tags":[],"class_list":{"0":"post-149104","1":"post","2":"type-post","3":"status-publish","4":"format-standard","5":"has-post-thumbnail","7":"category-inscricao","8":"category-oportunidades"},"_links":{"self":[{"href":"https:\/\/migracao.redenoticia.com.br\/noticia\/wp-json\/wp\/v2\/posts\/149104","targetHints":{"allow":["GET"]}}],"collection":[{"href":"https:\/\/migracao.redenoticia.com.br\/noticia\/wp-json\/wp\/v2\/posts"}],"about":[{"href":"https:\/\/migracao.redenoticia.com.br\/noticia\/wp-json\/wp\/v2\/types\/post"}],"author":[{"embeddable":true,"href":"https:\/\/migracao.redenoticia.com.br\/noticia\/wp-json\/wp\/v2\/users\/2"}],"replies":[{"embeddable":true,"href":"https:\/\/migracao.redenoticia.com.br\/noticia\/wp-json\/wp\/v2\/comments?post=149104"}],"version-history":[{"count":0,"href":"https:\/\/migracao.redenoticia.com.br\/noticia\/wp-json\/wp\/v2\/posts\/149104\/revisions"}],"wp:featuredmedia":[{"embeddable":true,"href":"https:\/\/migracao.redenoticia.com.br\/noticia\/wp-json\/wp\/v2\/media\/148570"}],"wp:attachment":[{"href":"https:\/\/migracao.redenoticia.com.br\/noticia\/wp-json\/wp\/v2\/media?parent=149104"}],"wp:term":[{"taxonomy":"category","embeddable":true,"href":"https:\/\/migracao.redenoticia.com.br\/noticia\/wp-json\/wp\/v2\/categories?post=149104"},{"taxonomy":"post_tag","embeddable":true,"href":"https:\/\/migracao.redenoticia.com.br\/noticia\/wp-json\/wp\/v2\/tags?post=149104"}],"curies":[{"name":"wp","href":"https:\/\/api.w.org\/{rel}","templated":true}]}}