{"id":149117,"date":"2018-08-17T20:28:27","date_gmt":"2018-08-17T23:28:27","guid":{"rendered":"https:\/\/www.redenoticia.com.br\/noticia\/?p=149117"},"modified":"2018-08-17T20:31:56","modified_gmt":"2018-08-17T23:31:56","slug":"novela-o-tempo-nao-para-samuca-encontra-escritura-das-terras-de-sabino","status":"publish","type":"post","link":"https:\/\/migracao.redenoticia.com.br\/noticia\/2018\/novela-o-tempo-nao-para-samuca-encontra-escritura-das-terras-de-sabino\/149117","title":{"rendered":"Novela \u201cO Tempo N\u00e3o Para\u201d: Samuca encontra escritura das terras de Sabino"},"content":{"rendered":"<p><img loading=\"lazy\" decoding=\"async\" src=\"https:\/\/migracao.redenoticia.com.br\/noticia\/imagens\/o-tempo-nao-para-Sabino-150x112.jpg\" alt=\"\" width=\"150\" height=\"112\" class=\"alignleft size-thumbnail wp-image-148675\" srcset=\"https:\/\/migracao.redenoticia.com.br\/noticia\/imagens\/o-tempo-nao-para-Sabino-150x112.jpg 150w, https:\/\/migracao.redenoticia.com.br\/noticia\/imagens\/o-tempo-nao-para-Sabino-265x198.jpg 265w, https:\/\/migracao.redenoticia.com.br\/noticia\/imagens\/o-tempo-nao-para-Sabino-485x360.jpg 485w\" sizes=\"auto, (max-width: 150px) 100vw, 150px\" \/><strong><em> Novela \u201cO Tempo N\u00e3o Para\u201d: <\/em><\/strong>: Em\u00edlio (Jo\u00e3o Baldasserini) defende a causa de dom Sabino (Edson Celulari) na Justi\u00e7a e pretende alegar que as terras que foram compradas por ele no s\u00e9culo 19 ainda o pertencem. Diante disso, Samuca (Nicolas Prattes) pede para sua diretora jur\u00eddica levantar as posses do futuro sogro. Vanda (Lucy Ramos) entrega ao chefe uma escritura antiga que prova que a empresa Samvita foi constru\u00edda no terreno que era do dom Sabino. Samuca percebe que parte de seu patrim\u00f4nio pode ser tomado por dom Sabino e fica apavorado. <\/p>\n<p>Veja o contexto no resumo de &#8220;O Tempo N\u00e3o Para&#8221;, 23 de Agosto, no portal .<\/p>\n<p>\u00a0<\/p>\n<p>(*) edi\u00e7\u00e3o da Rede Globo, Novela \u201cO Tempo N\u00e3o Para\u201d, sujeito a altera\u00e7\u00e3o de data e conte\u00fado.<\/p>\n<p>Anos de avan\u00e7os e descobertas que moldaram costumes, h\u00e1bitos e linguagens da sociedade contempor\u00e2nea v\u00e3o gerar um choque em uma abastada fam\u00edlia do s\u00e9culo XIX que desperta no s\u00e9culo XXI. Por 132 anos, os Sabino Machado e seus agregados ficaram congelados, dentro de um bloco de gelo, enquanto a vida l\u00e1 fora passava. Agora, v\u00e3o despertar em uma S\u00e3o Paulo pulsante e turbulenta e se deparar com a sociedade em pleno 2018. &#8220;O Tempo N\u00e3o Para&#8221;, nova novela das 7, \u00e9 escrita por Mario Teixeira e tem dire\u00e7\u00e3o art\u00edstica de Leonardo Nogueira.<\/p>\n","protected":false},"excerpt":{"rendered":"<p>Novela \u201cO Tempo N\u00e3o Para\u201d: : Em\u00edlio (Jo\u00e3o Baldasserini) defende a causa de dom Sabino (Edson Celulari) na Justi\u00e7a e pretende alegar que as terras que foram compradas por ele no s\u00e9culo 19 ainda o pertencem. Diante disso, Samuca (Nicolas Prattes) pede para sua diretora jur\u00eddica levantar as posses do futuro sogro. Vanda (Lucy Ramos) [&hellip;]<\/p>\n","protected":false},"author":2,"featured_media":148675,"comment_status":"open","ping_status":"closed","sticky":false,"template":"","format":"standard","meta":{"tdm_status":"","tdm_grid_status":"","footnotes":""},"categories":[388,379,490,375,343],"tags":[440],"class_list":{"0":"post-149117","1":"post","2":"type-post","3":"status-publish","4":"format-standard","5":"has-post-thumbnail","7":"category-destaques","8":"category-novelas","9":"category-o-tempo-nao-para","10":"category-rede-globo","11":"category-televisao","12":"tag-noticia-novela"},"_links":{"self":[{"href":"https:\/\/migracao.redenoticia.com.br\/noticia\/wp-json\/wp\/v2\/posts\/149117","targetHints":{"allow":["GET"]}}],"collection":[{"href":"https:\/\/migracao.redenoticia.com.br\/noticia\/wp-json\/wp\/v2\/posts"}],"about":[{"href":"https:\/\/migracao.redenoticia.com.br\/noticia\/wp-json\/wp\/v2\/types\/post"}],"author":[{"embeddable":true,"href":"https:\/\/migracao.redenoticia.com.br\/noticia\/wp-json\/wp\/v2\/users\/2"}],"replies":[{"embeddable":true,"href":"https:\/\/migracao.redenoticia.com.br\/noticia\/wp-json\/wp\/v2\/comments?post=149117"}],"version-history":[{"count":0,"href":"https:\/\/migracao.redenoticia.com.br\/noticia\/wp-json\/wp\/v2\/posts\/149117\/revisions"}],"wp:featuredmedia":[{"embeddable":true,"href":"https:\/\/migracao.redenoticia.com.br\/noticia\/wp-json\/wp\/v2\/media\/148675"}],"wp:attachment":[{"href":"https:\/\/migracao.redenoticia.com.br\/noticia\/wp-json\/wp\/v2\/media?parent=149117"}],"wp:term":[{"taxonomy":"category","embeddable":true,"href":"https:\/\/migracao.redenoticia.com.br\/noticia\/wp-json\/wp\/v2\/categories?post=149117"},{"taxonomy":"post_tag","embeddable":true,"href":"https:\/\/migracao.redenoticia.com.br\/noticia\/wp-json\/wp\/v2\/tags?post=149117"}],"curies":[{"name":"wp","href":"https:\/\/api.w.org\/{rel}","templated":true}]}}