{"id":149172,"date":"2018-08-15T21:29:45","date_gmt":"2018-08-16T00:29:45","guid":{"rendered":"https:\/\/www.redenoticia.com.br\/noticia\/?p=149172"},"modified":"2018-08-15T21:29:45","modified_gmt":"2018-08-16T00:29:45","slug":"novela-orgulho-e-paixao-ernesto-ve-jorge-com-ema-no-dia-de-seu-casamento","status":"publish","type":"post","link":"https:\/\/migracao.redenoticia.com.br\/noticia\/2018\/novela-orgulho-e-paixao-ernesto-ve-jorge-com-ema-no-dia-de-seu-casamento\/149172","title":{"rendered":"Novela \u201cOrgulho e Paix\u00e3o\u201d: Ernesto v\u00ea Jorge com Ema no dia de seu casamento"},"content":{"rendered":"<p><img loading=\"lazy\" decoding=\"async\" src=\"https:\/\/migracao.redenoticia.com.br\/noticia\/imagens\/orgulho-e-paixao-ema-150x112.jpg\" alt=\"\" width=\"150\" height=\"112\" class=\"alignleft size-thumbnail wp-image-148682\" srcset=\"https:\/\/migracao.redenoticia.com.br\/noticia\/imagens\/orgulho-e-paixao-ema-150x112.jpg 150w, https:\/\/migracao.redenoticia.com.br\/noticia\/imagens\/orgulho-e-paixao-ema-265x198.jpg 265w, https:\/\/migracao.redenoticia.com.br\/noticia\/imagens\/orgulho-e-paixao-ema-485x360.jpg 485w, https:\/\/migracao.redenoticia.com.br\/noticia\/imagens\/orgulho-e-paixao-ema-534x400.jpg 534w\" sizes=\"auto, (max-width: 150px) 100vw, 150px\" \/><strong><em>Novela \u201cOrgulho e Paix\u00e3o\u201d:<\/em><\/strong> Jorge (Murilo Rosa) aceita o convite e comparece no casamento de Ema (Agatha Moreira) e Ernesto (Rodrigo Simas). No final da festa, ele pede a Aur\u00e9lio (Marcelo Faria) para ter uma conversa a s\u00f3s com Ema e elogia o evento. Ema diz que se considera uma nova mulher ao se livrar da paix\u00e3o pelo advogado, e ele confessa que descobriu seu sentimento por Am\u00e9lia (Let\u00edcia Persiles). Eles terminam o encontro com um abra\u00e7o para selar a amizade. A cena \u00e9 vista por Ernesto, que sorri ao testemunhar o desfecho da conversa. <\/p>\n<p>Veja o contexto no resumo de &#8220;Orgulho e Paix\u00e3o&#8221;, 20 de Agosto, no portal .<\/p>\n<p>No fict\u00edcio Vale do Caf\u00e9, interior de S\u00e3o Paulo, nossos personagens vivem seus conflitos sociais e de conduta, que sempre se contrap\u00f5em aos desejos pessoais de cada um. Elisabeta (Nathalia Dill) \u00e9 uma mulher \u00e0 frente do seu tempo, com pensamentos igualit\u00e1rios e interesses at\u00edpicos para uma jovem do in\u00edcio do s\u00e9culo XX. Ela deseja trabalhar, conhecer o mundo e \u00e9 incentivada a realizar seus sonhos pelo pai, Felisberto (Tato Gabus Mendes), que vive \u00e0s turras com a mulher, Of\u00e9lia (Vera Holtz), por pensarem diferente sobre a cria\u00e7\u00e3o das filhas. Ao todo, o casal teve cinco mulheres, e cada uma com uma personalidade diferente.<\/p>\n<p>A personagem de Nathalia Dill entrar\u00e1 em conflito quando se apaixonar por Darcy (Thiago Lacerda), um homem de car\u00e1ter e muito sisudo. O amor n\u00e3o \u00e9 \u00e0 primeira vista, j\u00e1 que os dois n\u00e3o se entendem assim que se conhecem. O sentimento de repulsa dar\u00e1 lugar a uma grande paix\u00e3o, que ser\u00e1 negada pelo casal o m\u00e1ximo poss\u00edvel.<\/p>\n<p>Fonte: &#8220;Orgulho e Paix\u00e3o&#8221;, novela da Rede Globo<\/p>\n","protected":false},"excerpt":{"rendered":"<p>Novela \u201cOrgulho e Paix\u00e3o\u201d: Jorge (Murilo Rosa) aceita o convite e comparece no casamento de Ema (Agatha Moreira) e Ernesto (Rodrigo Simas). No final da festa, ele pede a Aur\u00e9lio (Marcelo Faria) para ter uma conversa a s\u00f3s com Ema e elogia o evento. Ema diz que se considera uma nova mulher ao se livrar [&hellip;]<\/p>\n","protected":false},"author":2,"featured_media":148682,"comment_status":"open","ping_status":"closed","sticky":false,"template":"","format":"standard","meta":{"tdm_status":"","tdm_grid_status":"","footnotes":""},"categories":[388,379,467,375,343],"tags":[440],"class_list":{"0":"post-149172","1":"post","2":"type-post","3":"status-publish","4":"format-standard","5":"has-post-thumbnail","7":"category-destaques","8":"category-novelas","9":"category-orgulho-e-paixao","10":"category-rede-globo","11":"category-televisao","12":"tag-noticia-novela"},"_links":{"self":[{"href":"https:\/\/migracao.redenoticia.com.br\/noticia\/wp-json\/wp\/v2\/posts\/149172","targetHints":{"allow":["GET"]}}],"collection":[{"href":"https:\/\/migracao.redenoticia.com.br\/noticia\/wp-json\/wp\/v2\/posts"}],"about":[{"href":"https:\/\/migracao.redenoticia.com.br\/noticia\/wp-json\/wp\/v2\/types\/post"}],"author":[{"embeddable":true,"href":"https:\/\/migracao.redenoticia.com.br\/noticia\/wp-json\/wp\/v2\/users\/2"}],"replies":[{"embeddable":true,"href":"https:\/\/migracao.redenoticia.com.br\/noticia\/wp-json\/wp\/v2\/comments?post=149172"}],"version-history":[{"count":0,"href":"https:\/\/migracao.redenoticia.com.br\/noticia\/wp-json\/wp\/v2\/posts\/149172\/revisions"}],"wp:featuredmedia":[{"embeddable":true,"href":"https:\/\/migracao.redenoticia.com.br\/noticia\/wp-json\/wp\/v2\/media\/148682"}],"wp:attachment":[{"href":"https:\/\/migracao.redenoticia.com.br\/noticia\/wp-json\/wp\/v2\/media?parent=149172"}],"wp:term":[{"taxonomy":"category","embeddable":true,"href":"https:\/\/migracao.redenoticia.com.br\/noticia\/wp-json\/wp\/v2\/categories?post=149172"},{"taxonomy":"post_tag","embeddable":true,"href":"https:\/\/migracao.redenoticia.com.br\/noticia\/wp-json\/wp\/v2\/tags?post=149172"}],"curies":[{"name":"wp","href":"https:\/\/api.w.org\/{rel}","templated":true}]}}