{"id":149187,"date":"2018-08-15T21:46:01","date_gmt":"2018-08-16T00:46:01","guid":{"rendered":"https:\/\/www.redenoticia.com.br\/noticia\/?p=149187"},"modified":"2018-08-17T17:55:07","modified_gmt":"2018-08-17T20:55:07","slug":"novela-luz-do-sol-resumo-17-08-leonardo-e-william-trocam-acusacoes","status":"publish","type":"post","link":"https:\/\/migracao.redenoticia.com.br\/noticia\/2018\/novela-luz-do-sol-resumo-17-08-leonardo-e-william-trocam-acusacoes\/149187","title":{"rendered":"Novela \u201cLuz do Sol\u201d resumo 17\/08: Leonardo e William trocam acusa\u00e7\u00f5es"},"content":{"rendered":"<p> <img loading=\"lazy\" decoding=\"async\" class=\"alignleft size-thumbnail wp-image-131397\" src=\"https:\/\/migracao.redenoticia.com.br\/imagens\/luz-do-sol-resumo-novela-record-150x112.jpg\" alt=\"\" width=\"150\" height=\"112\" srcset=\"https:\/\/migracao.redenoticia.com.br\/noticia\/imagens\/luz-do-sol-resumo-novela-record-150x112.jpg 150w, https:\/\/migracao.redenoticia.com.br\/noticia\/imagens\/luz-do-sol-resumo-novela-record-265x198.jpg 265w\" sizes=\"auto, (max-width: 150px) 100vw, 150px\" \/><strong><em>Novela \u201cLuz do Sol\u201d resumo 17\/08<\/em><\/strong>: no capitulo 155 (*) da novela \u201cLuz do Sol\u201d, sexta-feira, 17 de agosto, Priscila fica chocada ao descobrir que Fabiana foi contratada por Ver\u00f4nica. Bernardo e Drica v\u00e3o \u00e0 cadeia visitar Milena. Rick fica apavorado ao encontrar Nina apagada no flat. Leonardo interpela William, questionando-o por n\u00e3o ter contado tudo o que sabia a respeito de Agenor. Leonardo e William trocam acusa\u00e7\u00f5es, num clima tenso, quando s\u00e3o surpreendidos por Eliana. Na cadeia, Milena insulta Drica na frente de Bernardo, deixando-os constrangidos. Rick revela a Yan que est\u00e1 vidrado em Laura e quer saber quem \u00e9 a mulher mais velha com quem Yan est\u00e1 transando, mas ele prefere esconder sua identidade. <\/p>\n<p>Chantagista, Nelma exige de Lorena o pagamento pelo trabalho no abrigo e Lorena marca um encontro com ela. Lorena pede a Valadares que deixe a casa livre para ela encontrar uma convidada com quem precisar\u00e1 ter um assunto particular. Ver\u00f4nica provoca uma briga com um fort\u00e3o no shopping e ele acerta um murro no rosto de Tom. Ivonne revela para Clemente que Milena foi presa.<\/p>\n<p>Vicente conta para Freddy que Isabela est\u00e1 treinando s\u00e9rio para um campeonato de nata\u00e7\u00e3o. Clemente vai visitar Milena e ela quase o esfola vivo, acusando-o de usar sua casa como motel. Clemente nega as acusa\u00e7\u00f5es. Priscila come\u00e7a a treinar Fabiana para o trabalho na Bodas de Mel e elas discutem, at\u00e9 que Fabiana resolve sair fora. Clemente avisa Kayla que Milena ir\u00e1 procur\u00e1-la para se vingar da trai\u00e7\u00e3o quando sair da cadeia. Um homem desconhecido invade a casa de Nina e foge em seguida, derrubando Zo\u00e9 para que ela n\u00e3o o veja. Freddy pede a Stella que n\u00e3o retire a queixa de roubo contra Milena, porque eles precisam deix\u00e1-la na pris\u00e3o por mais tempo.  <\/p>\n<p>(*) edi\u00e7\u00e3o da Rede Record, Novela \u201cLuz do Sol\u201d, sujeito a altera\u00e7\u00e3o de data e conte\u00fado.<\/p>\n<p>Luz do Sol \u00e9 uma telenovela brasileira produzida pela RecordTV e exibida originalmente entre 21 de mar\u00e7o e 20 de novembro de 2007, em 210 epis\u00f3dios. \u00c9 uma obra representativa na hist\u00f3ria da teledramaturgia da emissora n\u00e3o apenas por isso, mas por ter sido a primeira novela escrita por Ana Maria Moretzsohn para a Record, trazendo a colabora\u00e7\u00e3o de texto de Gustavo Reiz, Ana Clara Santiago, Emilio Boechat e Denise Crispun, com dire\u00e7\u00e3o de Ivan Zettel, F\u00e1bio Junqueira e Jos\u00e9 Carlos Pieri, sob dire\u00e7\u00e3o geral de Ivan Zettel.<\/p>\n<p>Luma Costa interpreta a protagonista, Drica, que foi sequestrada misteriosamente durante sua festa de cinco anos e apareceu afogada em uma praia de pescadores, no qual foi criada sob o nome de Maria Rosa com uma vida humilde. Lu\u00edza Tom\u00e9 e Giuseppe Orist\u00e2nio interpretam os pais biol\u00f3gicos da garota, sendo que enquanto ele desistiu da busca da filha ap\u00f3s 11 anos, ela nunca deixou de busc\u00e1-la, o que acabou ruindo com seu casamento. Patr\u00edcia Fran\u00e7a e Leonardo Br\u00edcio interpretam os pais adotivos de Drica, que criaram-na como filha, sem terem lhe contaram a verdade. Thiago Gagliasso, Paloma Duarte, Petr\u00f4nio Gontijo, Juliana Silveira, Bete Coelho, Floriano Peixoto, Karen Marinho e Let\u00edcia Colin interpretam os demais pap\u00e9is centrais da trama.<\/p>\n","protected":false},"excerpt":{"rendered":"<p>Novela \u201cLuz do Sol\u201d resumo 17\/08: no capitulo 155 (*) da novela \u201cLuz do Sol\u201d, sexta-feira, 17 de agosto, Priscila fica chocada ao descobrir que Fabiana foi contratada por Ver\u00f4nica. Bernardo e Drica v\u00e3o \u00e0 cadeia visitar Milena. Rick fica apavorado ao encontrar Nina apagada no flat. Leonardo interpela William, questionando-o por n\u00e3o ter contado [&hellip;]<\/p>\n","protected":false},"author":2,"featured_media":148660,"comment_status":"open","ping_status":"closed","sticky":false,"template":"","format":"standard","meta":{"tdm_status":"","tdm_grid_status":"","footnotes":""},"categories":[379,371,343],"tags":[441],"class_list":{"0":"post-149187","1":"post","2":"type-post","3":"status-publish","4":"format-standard","5":"has-post-thumbnail","7":"category-novelas","8":"category-rede-record","9":"category-televisao","10":"tag-resumo-do-dia"},"_links":{"self":[{"href":"https:\/\/migracao.redenoticia.com.br\/noticia\/wp-json\/wp\/v2\/posts\/149187","targetHints":{"allow":["GET"]}}],"collection":[{"href":"https:\/\/migracao.redenoticia.com.br\/noticia\/wp-json\/wp\/v2\/posts"}],"about":[{"href":"https:\/\/migracao.redenoticia.com.br\/noticia\/wp-json\/wp\/v2\/types\/post"}],"author":[{"embeddable":true,"href":"https:\/\/migracao.redenoticia.com.br\/noticia\/wp-json\/wp\/v2\/users\/2"}],"replies":[{"embeddable":true,"href":"https:\/\/migracao.redenoticia.com.br\/noticia\/wp-json\/wp\/v2\/comments?post=149187"}],"version-history":[{"count":0,"href":"https:\/\/migracao.redenoticia.com.br\/noticia\/wp-json\/wp\/v2\/posts\/149187\/revisions"}],"wp:featuredmedia":[{"embeddable":true,"href":"https:\/\/migracao.redenoticia.com.br\/noticia\/wp-json\/wp\/v2\/media\/148660"}],"wp:attachment":[{"href":"https:\/\/migracao.redenoticia.com.br\/noticia\/wp-json\/wp\/v2\/media?parent=149187"}],"wp:term":[{"taxonomy":"category","embeddable":true,"href":"https:\/\/migracao.redenoticia.com.br\/noticia\/wp-json\/wp\/v2\/categories?post=149187"},{"taxonomy":"post_tag","embeddable":true,"href":"https:\/\/migracao.redenoticia.com.br\/noticia\/wp-json\/wp\/v2\/tags?post=149187"}],"curies":[{"name":"wp","href":"https:\/\/api.w.org\/{rel}","templated":true}]}}