{"id":149189,"date":"2018-08-15T11:46:14","date_gmt":"2018-08-15T14:46:14","guid":{"rendered":"https:\/\/www.redenoticia.com.br\/noticia\/?p=149189"},"modified":"2018-08-15T21:47:09","modified_gmt":"2018-08-16T00:47:09","slug":"novela-essas-mulheres-resumo-16-08-camila-pede-dinheiro-para-fernando","status":"publish","type":"post","link":"https:\/\/migracao.redenoticia.com.br\/noticia\/2018\/novela-essas-mulheres-resumo-16-08-camila-pede-dinheiro-para-fernando\/149189","title":{"rendered":"Novela \u201cEssas Mulheres\u201d resumo 16\/08: Camila pede dinheiro para Fernando"},"content":{"rendered":"<p> <img loading=\"lazy\" decoding=\"async\" class=\"alignleft size-thumbnail wp-image-146736\" src=\"https:\/\/migracao.redenoticia.com.br\/imagens\/essas-mulheres-resumo-novela-record-150x112.jpg\" alt=\"\" width=\"150\" height=\"112\" srcset=\"https:\/\/migracao.redenoticia.com.br\/noticia\/imagens\/essas-mulheres-resumo-novela-record-150x112.jpg 150w, https:\/\/migracao.redenoticia.com.br\/noticia\/imagens\/essas-mulheres-resumo-novela-record-265x198.jpg 265w\" sizes=\"auto, (max-width: 150px) 100vw, 150px\" \/><em><strong>Novela \u201cEssas Mulheres\u201d resumo 16\/08<\/strong><\/em>: no capitulo 014 (*) da novela \u201cEssas Mulheres\u201d, quinta-feira, 16 de agosto, Sim\u00e3o e Martim reconhecem Mila. Aur\u00e9lia recebe uma carta de seu tio Lemos. Aur\u00e9lia vai at\u00e9 a loja de Lemos para descobrir o motivo da carta. Aur\u00e9lia percebe interesses diversos nas palavras de seu tio e sai com raiva da loja. Camila pede dinheiro para Fernando.Damiana tenta descobrir o que irritou Aur\u00e9lia. Fernando penhora seu rel\u00f3gio. Firmina leva diferentes livros para que Gl\u00f3ria leia. Pedrinho vai at\u00e9 a casa de Ana. Alfredo convida Fernando para um jogo. Marli fica chateada com o descaso de seu marido por ela. Rodrigo pede a Ana que se afaste de Pedrinho. Firmina tenta ensinar a linguagem dos leques para Gl\u00f3ria.<\/p>\n<p>(*) edi\u00e7\u00e3o da Rede Record, Novela \u201cEssas Mulheres\u201d, sujeito a altera\u00e7\u00e3o de data e conte\u00fado.<\/p>\n<p>\u201cEssas Mulheres\u201d &#8211; A trama se passa em 1880, na cidade do Rio de Janeiro, seguindo a vida de tr\u00eas mulheres fortes e determinadas. Aur\u00e9lia (Christine Fernandes), Maria da Gl\u00f3ria (Carla Cabral) e Mila (Miriam Freeland) s\u00e3o grandes amigas que frequentam as aulas de etiqueta juntas, por\u00e9m a vida n\u00e3o demora muito para coloca-las em rumos completamente diferentes. Aur\u00e9lia vivia com sua m\u00e3e e irm\u00e3o em uma casa de favor, por\u00e9m eles s\u00e3o expulsos quando seu tio Lemos (Paulo Gorgulho) vende o im\u00f3vel sem piedade, for\u00e7ando-os a ir morar de aluguel e ela trabalhar como empregada para a arrogante Adelaide (Adriana Garambone) \u2013 que a humilha constantemente e lhe rouba Fernando Seixas (Gabriel Braga Nunes), jornalista com quem ela vivia um romance.<\/p>\n","protected":false},"excerpt":{"rendered":"<p>Novela \u201cEssas Mulheres\u201d resumo 16\/08: no capitulo 014 (*) da novela \u201cEssas Mulheres\u201d, quinta-feira, 16 de agosto, Sim\u00e3o e Martim reconhecem Mila. Aur\u00e9lia recebe uma carta de seu tio Lemos. Aur\u00e9lia vai at\u00e9 a loja de Lemos para descobrir o motivo da carta. Aur\u00e9lia percebe interesses diversos nas palavras de seu tio e sai com [&hellip;]<\/p>\n","protected":false},"author":2,"featured_media":148140,"comment_status":"open","ping_status":"closed","sticky":false,"template":"","format":"standard","meta":{"tdm_status":"","tdm_grid_status":"","footnotes":""},"categories":[379,371,343],"tags":[441],"class_list":{"0":"post-149189","1":"post","2":"type-post","3":"status-publish","4":"format-standard","5":"has-post-thumbnail","7":"category-novelas","8":"category-rede-record","9":"category-televisao","10":"tag-resumo-do-dia"},"_links":{"self":[{"href":"https:\/\/migracao.redenoticia.com.br\/noticia\/wp-json\/wp\/v2\/posts\/149189","targetHints":{"allow":["GET"]}}],"collection":[{"href":"https:\/\/migracao.redenoticia.com.br\/noticia\/wp-json\/wp\/v2\/posts"}],"about":[{"href":"https:\/\/migracao.redenoticia.com.br\/noticia\/wp-json\/wp\/v2\/types\/post"}],"author":[{"embeddable":true,"href":"https:\/\/migracao.redenoticia.com.br\/noticia\/wp-json\/wp\/v2\/users\/2"}],"replies":[{"embeddable":true,"href":"https:\/\/migracao.redenoticia.com.br\/noticia\/wp-json\/wp\/v2\/comments?post=149189"}],"version-history":[{"count":0,"href":"https:\/\/migracao.redenoticia.com.br\/noticia\/wp-json\/wp\/v2\/posts\/149189\/revisions"}],"wp:featuredmedia":[{"embeddable":true,"href":"https:\/\/migracao.redenoticia.com.br\/noticia\/wp-json\/wp\/v2\/media\/148140"}],"wp:attachment":[{"href":"https:\/\/migracao.redenoticia.com.br\/noticia\/wp-json\/wp\/v2\/media?parent=149189"}],"wp:term":[{"taxonomy":"category","embeddable":true,"href":"https:\/\/migracao.redenoticia.com.br\/noticia\/wp-json\/wp\/v2\/categories?post=149189"},{"taxonomy":"post_tag","embeddable":true,"href":"https:\/\/migracao.redenoticia.com.br\/noticia\/wp-json\/wp\/v2\/tags?post=149189"}],"curies":[{"name":"wp","href":"https:\/\/api.w.org\/{rel}","templated":true}]}}