{"id":149191,"date":"2018-08-15T21:48:29","date_gmt":"2018-08-16T00:48:29","guid":{"rendered":"https:\/\/www.redenoticia.com.br\/noticia\/?p=149191"},"modified":"2018-08-17T17:57:44","modified_gmt":"2018-08-17T20:57:44","slug":"novela-essas-mulheres-resumo-17-08-fernando-defende-aurelia","status":"publish","type":"post","link":"https:\/\/migracao.redenoticia.com.br\/noticia\/2018\/novela-essas-mulheres-resumo-17-08-fernando-defende-aurelia\/149191","title":{"rendered":"Novela \u201cEssas Mulheres\u201d resumo 17\/08: Fernando defende Aur\u00e9lia"},"content":{"rendered":"<p> <img loading=\"lazy\" decoding=\"async\" class=\"alignleft size-thumbnail wp-image-146736\" src=\"https:\/\/migracao.redenoticia.com.br\/imagens\/essas-mulheres-resumo-novela-record-150x112.jpg\" alt=\"\" width=\"150\" height=\"112\" srcset=\"https:\/\/migracao.redenoticia.com.br\/noticia\/imagens\/essas-mulheres-resumo-novela-record-150x112.jpg 150w, https:\/\/migracao.redenoticia.com.br\/noticia\/imagens\/essas-mulheres-resumo-novela-record-265x198.jpg 265w\" sizes=\"auto, (max-width: 150px) 100vw, 150px\" \/><em><strong>Novela \u201cEssas Mulheres\u201d resumo 17\/08<\/strong><\/em>: no capitulo 015 (*) da novela \u201cEssas Mulheres\u201d, sexta-feira, 17 de agosto, Emilia faz Rodrigo prometer que ele ir\u00e1 conversar com Gl\u00f3ria ao encontr\u00e1-la. Decepcionado, Eduardo bebe at\u00e9 cair. Fernando defende Aur\u00e9lia e Adelaide se irrita. Marli v\u00ea Lemos ao lado de Firmina na rua. Fernando descobre onde mora Aur\u00e9lia e lhe faz uma visita.Ap\u00f3s uma curta conversa, ele a beija. Bela v\u00ea a cena e conta para Adelaide. Firmina ensina Gl\u00f3ria a dan\u00e7ar. Marli vai at\u00e9 o escrit\u00f3rio de seu marido. <\/p>\n<p>(*) edi\u00e7\u00e3o da Rede Record, Novela \u201cEssas Mulheres\u201d, sujeito a altera\u00e7\u00e3o de data e conte\u00fado.<\/p>\n<p>\u201cEssas Mulheres\u201d &#8211; A trama se passa em 1880, na cidade do Rio de Janeiro, seguindo a vida de tr\u00eas mulheres fortes e determinadas. Aur\u00e9lia (Christine Fernandes), Maria da Gl\u00f3ria (Carla Cabral) e Mila (Miriam Freeland) s\u00e3o grandes amigas que frequentam as aulas de etiqueta juntas, por\u00e9m a vida n\u00e3o demora muito para coloca-las em rumos completamente diferentes. Aur\u00e9lia vivia com sua m\u00e3e e irm\u00e3o em uma casa de favor, por\u00e9m eles s\u00e3o expulsos quando seu tio Lemos (Paulo Gorgulho) vende o im\u00f3vel sem piedade, for\u00e7ando-os a ir morar de aluguel e ela trabalhar como empregada para a arrogante Adelaide (Adriana Garambone) \u2013 que a humilha constantemente e lhe rouba Fernando Seixas (Gabriel Braga Nunes), jornalista com quem ela vivia um romance.<\/p>\n","protected":false},"excerpt":{"rendered":"<p>Novela \u201cEssas Mulheres\u201d resumo 17\/08: no capitulo 015 (*) da novela \u201cEssas Mulheres\u201d, sexta-feira, 17 de agosto, Emilia faz Rodrigo prometer que ele ir\u00e1 conversar com Gl\u00f3ria ao encontr\u00e1-la. Decepcionado, Eduardo bebe at\u00e9 cair. Fernando defende Aur\u00e9lia e Adelaide se irrita. Marli v\u00ea Lemos ao lado de Firmina na rua. Fernando descobre onde mora Aur\u00e9lia [&hellip;]<\/p>\n","protected":false},"author":2,"featured_media":148657,"comment_status":"open","ping_status":"closed","sticky":false,"template":"","format":"standard","meta":{"tdm_status":"","tdm_grid_status":"","footnotes":""},"categories":[379,371,343],"tags":[441],"class_list":{"0":"post-149191","1":"post","2":"type-post","3":"status-publish","4":"format-standard","5":"has-post-thumbnail","7":"category-novelas","8":"category-rede-record","9":"category-televisao","10":"tag-resumo-do-dia"},"_links":{"self":[{"href":"https:\/\/migracao.redenoticia.com.br\/noticia\/wp-json\/wp\/v2\/posts\/149191","targetHints":{"allow":["GET"]}}],"collection":[{"href":"https:\/\/migracao.redenoticia.com.br\/noticia\/wp-json\/wp\/v2\/posts"}],"about":[{"href":"https:\/\/migracao.redenoticia.com.br\/noticia\/wp-json\/wp\/v2\/types\/post"}],"author":[{"embeddable":true,"href":"https:\/\/migracao.redenoticia.com.br\/noticia\/wp-json\/wp\/v2\/users\/2"}],"replies":[{"embeddable":true,"href":"https:\/\/migracao.redenoticia.com.br\/noticia\/wp-json\/wp\/v2\/comments?post=149191"}],"version-history":[{"count":0,"href":"https:\/\/migracao.redenoticia.com.br\/noticia\/wp-json\/wp\/v2\/posts\/149191\/revisions"}],"wp:featuredmedia":[{"embeddable":true,"href":"https:\/\/migracao.redenoticia.com.br\/noticia\/wp-json\/wp\/v2\/media\/148657"}],"wp:attachment":[{"href":"https:\/\/migracao.redenoticia.com.br\/noticia\/wp-json\/wp\/v2\/media?parent=149191"}],"wp:term":[{"taxonomy":"category","embeddable":true,"href":"https:\/\/migracao.redenoticia.com.br\/noticia\/wp-json\/wp\/v2\/categories?post=149191"},{"taxonomy":"post_tag","embeddable":true,"href":"https:\/\/migracao.redenoticia.com.br\/noticia\/wp-json\/wp\/v2\/tags?post=149191"}],"curies":[{"name":"wp","href":"https:\/\/api.w.org\/{rel}","templated":true}]}}