{"id":149280,"date":"2018-08-16T15:17:43","date_gmt":"2018-08-16T18:17:43","guid":{"rendered":"https:\/\/www.redenoticia.com.br\/noticia\/?p=149280"},"modified":"2018-08-16T15:30:26","modified_gmt":"2018-08-16T18:30:26","slug":"resumo-novela-belissima-17-08-julia-concorda-em-passar-uma-procuracao-para-andre","status":"publish","type":"post","link":"https:\/\/migracao.redenoticia.com.br\/noticia\/2018\/resumo-novela-belissima-17-08-julia-concorda-em-passar-uma-procuracao-para-andre\/149280","title":{"rendered":"Resumo novela \u201cBel\u00edssima\u201d 17\/08: J\u00falia concorda em passar uma procura\u00e7\u00e3o para Andr\u00e9"},"content":{"rendered":"<p><img loading=\"lazy\" decoding=\"async\" class=\"alignleft size-thumbnail wp-image-143034\" src=\"https:\/\/migracao.redenoticia.com.br\/imagens\/belissima-novela-globo-resumo-capitulo-150x112.jpg\" alt=\"\" width=\"150\" height=\"112\" srcset=\"https:\/\/migracao.redenoticia.com.br\/noticia\/imagens\/belissima-novela-globo-resumo-capitulo-150x112.jpg 150w, https:\/\/migracao.redenoticia.com.br\/noticia\/imagens\/belissima-novela-globo-resumo-capitulo-265x198.jpg 265w\" sizes=\"auto, (max-width: 150px) 100vw, 150px\" \/><strong><em>Resumo novela \u201cBel\u00edssima\u201d 17\/08 <\/em><\/strong>: no cap\u00edtulo 051(*) da novela \u201cBel\u00edssima\u201d, resumo de sexta-feira, 17 de agosto, Murat se chateia porque Nikos foi convidado. Medeiros avisa Bia que os gregos querem mais dinheiro ou, de outra forma, v\u00e3o reverter o processo contra Vit\u00f3ria. Vit\u00f3ria insiste, mas Sabina jura que Bia n\u00e3o fala nada sobre ela. Katina fica atenta quando Nikos diz que est\u00e1 morando na casa de Bia Falc\u00e3o. Ornela diz a Alberto que Safira quer proteger Cemil. Murat pede a Nikos que n\u00e3o diga a Bia que o conhece, pois ela o detesta e ele teme que ela prejudique Cemil, se souber que ele \u00e9 seu filho. Safira pede que Nikos incentive Cemil a n\u00e3o desistir de M\u00f4nica. Alberto aguarda M\u00f4nica no sagu\u00e3o, mas ela prefere n\u00e3o conversar com ele. <\/p>\n<p>J\u00falia assina v\u00e1rios pap\u00e9is da empresa, apresentados por Andr\u00e9. Andr\u00e9 sugere e J\u00falia concorda em passar uma procura\u00e7\u00e3o para ele. Sabina pede para dormir com Bia e diz que a m\u00e3e quer sair da casa, mas ela n\u00e3o. Bia diz que a m\u00e3e est\u00e1 com ci\u00fames dela, e acrescenta que jamais permitir\u00e1 que Sabina v\u00e1 embora. M\u00f4nica se preocupa ao saber que Bento quer botar o neto em um col\u00e9gio interno. Bia chama Vit\u00f3ria para uma conversa. Pascoal fica furioso ao ver um outdoor com sua foto na esquina de sua casa. Rebeca o deixa mais enfurecido ainda quando diz que ele n\u00e3o tem dinheiro algum para receber.<\/p>\n<p>(*) edi\u00e7\u00e3o da Rede Globo, Novela \u201cBel\u00edssima\u201d, sujeito a altera\u00e7\u00e3o de data e conte\u00fado.<\/p>\n<p>Simp\u00e1tica, bem-sucedida e discreta, J\u00falia Assump\u00e7\u00e3o \u00e9 presidente da Bel\u00edssima, refer\u00eancia mundial no setor de roupas \u00edntimas. Sua av\u00f3, Bia Falc\u00e3o, a pressiona para se tornar parecida com a m\u00e3e, Stella Assump\u00e7\u00e3o \u2013 que foi uma modelo bastante famosa, mito de beleza na d\u00e9cada de 1960. Fundadora da marca Bel\u00edssima, Stella morreu em um acidente de avi\u00e3o junto com seu marido, deixando \u00f3rf\u00e3os J\u00falia e Pedro. Desde ent\u00e3o, Bia Falc\u00e3o se tornou respons\u00e1vel pelos dois, tendo-os criado. At\u00e9 hoje tenta controlar a vida deles. Em casa, J\u00falia s\u00f3 encontra apoio no tio, Argemiro Falc\u00e3o, vulgo Gigi, e na governanta, Matilde. Bia faz de tudo para J\u00falia se sentir culpada pela morte dos pais.<\/p>\n<p>A vil\u00e3 far\u00e1 de tudo para acabar com os romances de Pedro com Vit\u00f3ria, uma ex- menina de rua que ele escolheu para ser sua esposa, com quem tem uma filha, e Vit\u00f3ria ser\u00e1 perseguida pela vil\u00e3 durante toda a trama, por\u00e9m, sem perder a fibra e a coragem; e de J\u00falia com Andr\u00e9 Santana. Este, apesar de n\u00e3o parecer inicialmente, \u00e9 um grande e terr\u00edvel vil\u00e3o, diab\u00f3lico e ambicioso, que almeja ser dono da Bel\u00edssima em conjunto com seu pai, Aquilino Santana, o seu Quiqui, que aparenta ser um bom velhinho, mas \u00e9, na verdade, um bandido da pior esp\u00e9cie, ex-matador de aluguel. Andr\u00e9 vai se envolver com J\u00falia e com a filha de J\u00falia, \u00c9rica, uma mulher f\u00fatil e perversa como a bisav\u00f3 Bia Falc\u00e3o. \u00c9rica \u00e9 aspirante a modelo.<\/p>\n","protected":false},"excerpt":{"rendered":"<p>Resumo novela \u201cBel\u00edssima\u201d 17\/08 : no cap\u00edtulo 051(*) da novela \u201cBel\u00edssima\u201d, resumo de sexta-feira, 17 de agosto, Murat se chateia porque Nikos foi convidado. Medeiros avisa Bia que os gregos querem mais dinheiro ou, de outra forma, v\u00e3o reverter o processo contra Vit\u00f3ria. Vit\u00f3ria insiste, mas Sabina jura que Bia n\u00e3o fala nada sobre ela. [&hellip;]<\/p>\n","protected":false},"author":4,"featured_media":148654,"comment_status":"open","ping_status":"closed","sticky":false,"template":"","format":"standard","meta":{"tdm_status":"","tdm_grid_status":"","footnotes":""},"categories":[485,379,375,343],"tags":[441],"class_list":{"0":"post-149280","1":"post","2":"type-post","3":"status-publish","4":"format-standard","5":"has-post-thumbnail","7":"category-belissima","8":"category-novelas","9":"category-rede-globo","10":"category-televisao","11":"tag-resumo-do-dia"},"_links":{"self":[{"href":"https:\/\/migracao.redenoticia.com.br\/noticia\/wp-json\/wp\/v2\/posts\/149280","targetHints":{"allow":["GET"]}}],"collection":[{"href":"https:\/\/migracao.redenoticia.com.br\/noticia\/wp-json\/wp\/v2\/posts"}],"about":[{"href":"https:\/\/migracao.redenoticia.com.br\/noticia\/wp-json\/wp\/v2\/types\/post"}],"author":[{"embeddable":true,"href":"https:\/\/migracao.redenoticia.com.br\/noticia\/wp-json\/wp\/v2\/users\/4"}],"replies":[{"embeddable":true,"href":"https:\/\/migracao.redenoticia.com.br\/noticia\/wp-json\/wp\/v2\/comments?post=149280"}],"version-history":[{"count":0,"href":"https:\/\/migracao.redenoticia.com.br\/noticia\/wp-json\/wp\/v2\/posts\/149280\/revisions"}],"wp:featuredmedia":[{"embeddable":true,"href":"https:\/\/migracao.redenoticia.com.br\/noticia\/wp-json\/wp\/v2\/media\/148654"}],"wp:attachment":[{"href":"https:\/\/migracao.redenoticia.com.br\/noticia\/wp-json\/wp\/v2\/media?parent=149280"}],"wp:term":[{"taxonomy":"category","embeddable":true,"href":"https:\/\/migracao.redenoticia.com.br\/noticia\/wp-json\/wp\/v2\/categories?post=149280"},{"taxonomy":"post_tag","embeddable":true,"href":"https:\/\/migracao.redenoticia.com.br\/noticia\/wp-json\/wp\/v2\/tags?post=149280"}],"curies":[{"name":"wp","href":"https:\/\/api.w.org\/{rel}","templated":true}]}}