{"id":149396,"date":"2018-08-18T11:29:15","date_gmt":"2018-08-18T14:29:15","guid":{"rendered":"https:\/\/www.redenoticia.com.br\/noticia\/?p=149396"},"modified":"2018-08-18T11:29:15","modified_gmt":"2018-08-18T14:29:15","slug":"resumo-novela-que-pobres-tao-ricos-20-08-minerva-vasculha-os-pertences-de-alex","status":"publish","type":"post","link":"https:\/\/migracao.redenoticia.com.br\/noticia\/2018\/resumo-novela-que-pobres-tao-ricos-20-08-minerva-vasculha-os-pertences-de-alex\/149396","title":{"rendered":"Resumo novela \u201cQue Pobres T\u00e3o Ricos\u201d 20\/08: Minerva vasculha os pertences de Alex"},"content":{"rendered":"<p><img loading=\"lazy\" decoding=\"async\" class=\"alignleft size-thumbnail wp-image-148670\" src=\"https:\/\/migracao.redenoticia.com.br\/noticia\/imagens\/que-pobres-tao-ricos-sbt-150x112.jpg\" alt=\"\" width=\"150\" height=\"112\" srcset=\"https:\/\/migracao.redenoticia.com.br\/noticia\/imagens\/que-pobres-tao-ricos-sbt-150x113.jpg 150w, https:\/\/migracao.redenoticia.com.br\/noticia\/imagens\/que-pobres-tao-ricos-sbt-250x187.jpg 250w, https:\/\/migracao.redenoticia.com.br\/noticia\/imagens\/que-pobres-tao-ricos-sbt.jpg 400w, https:\/\/migracao.redenoticia.com.br\/noticia\/imagens\/que-pobres-tao-ricos-sbt-265x198.jpg 265w\" sizes=\"auto, (max-width: 150px) 100vw, 150px\" \/><strong><em>Resumo novela \u201cQue Pobres T\u00e3o Ricos\u201d 20\/08 <\/em><\/strong>: no cap\u00edtulo 021(*) da novela \u201cQue Pobres T\u00e3o Ricos\u201d, resumo de segunda-feira, 20 de agosto, Jesus comunica a todos que vai cumprir o trato que fez com o Sr. Aureliano e vai pagar o valor que Lupita havia calculado. Lupita se sente orgulhosa de seu pai e Miguel \u00c2ngelo recebe uma grande li\u00e7\u00e3o. Lupita conta ao filho que est\u00e1 namorando com Nepomuceno e tamb\u00e9m pede a ele que diga a todos que os Ruizpal\u00e1cios s\u00e3o seus parentes pois est\u00e3o passando por um mal momento e precisam de ajuda. Sa\u00fal e Miguel se re\u00fanem para saber se h\u00e1 alguma informa\u00e7\u00e3o nova sobre Adolfo e chegam a conclus\u00e3o que Adolfo e Alex devem ser c\u00famplices.<\/p>\n<p>Isabela pede a Minerva que fique atenta diante da situa\u00e7\u00e3o com Alex porque em qualquer momento ele poderia troc\u00e1-la por outra mulher que sim possa lhe dar um filho. Minerva e Isabela vasculham os pertences de Alex e se surpreendem a encontrar filmes pornogr\u00e1ficos, preservativos, roupas de mulher e um cofre escondido. Minerva est\u00e1 curiosa para saber o que Alex guarda no cofre. Lupita n\u00e3o empresta dinheiro ao irm\u00e3o para organizar uma balada.<\/p>\n<p>Matilde procura um documento. Ana Sofia pede a Lupita e Carmem que lavem sua roupa e ambas se negam. Frida e Jos\u00e9 se estranham. Ana Sofia obriga a filha a lavar suas roupas. A menina se revolta e diz que vai quebrar as unhas. Lupita diz a Miguel \u00c2ngelo que n\u00e3o tem o dinheiro necess\u00e1rio para pagar o que lhe deve. Ana Sofia irrita a filha. Lupita sugere a Miguel \u00c2ngelo que sua fam\u00edlia comece a trabalhar. Ele explica a Lupita que com o dinheiro que ela vai lhe dar n\u00e3o ter\u00e1 condi\u00e7\u00f5es de procurar outro lugar para morar.<\/p>\n<p>(*) edi\u00e7\u00e3o do SBT, Novela \u201cQue Pobres T\u00e3o Ricos\u201d, sujeito a altera\u00e7\u00e3o de data e conte\u00fado.<\/p>\n<p>\u201cQue Pobres T\u00e3o Ricos\u201d \u00e9 uma hist\u00f3ria de amor, romance, encontros e desencontros e um sem n\u00famero de divertidos enredos entre duas fam\u00edlias que n\u00e3o tem nada em comum, mas que agora estar\u00e3o obrigadas a conviver na mesma casa. De um lado, os Ruizpalacios, milion\u00e1rios de linhagem, e do outro, os Menchaca, uma cl\u00e1ssica fam\u00edlia de bairro.<\/p>\n<p>Todo come\u00e7ou diante da incapacidade da av\u00f3 Mati Ruizpalacios, de seguir em frente da empresa familiar. E \u00e9 assim que Miguel \u00c2ngelo, seu neto consentido, que leva 11 anos vivendo em Londres, retorna ao M\u00e9xico para a leitura de uma cl\u00e1usula do testamento do seu av\u00f4 Don Aureliano, que dita: &#8220;Herdar\u00e1 o cons\u00f3rcio o primeiro de meus netos que esteja formalmente casado e tenha um filho var\u00e3o&#8221;.<\/p>\n<p>\u00c9 ent\u00e3o que, sem pretender, Miguel \u00c2ngelo ter\u00e1 em seu primo Alejo, um ambicioso inimigo que o envolver\u00e1 em uma fraude, e assim provocar\u00e1 que Miguel \u00c2ngelo e sua fam\u00edlia percam sua fortuna, al\u00e9m de todas suas propriedades, ficando s\u00f3 com um terreno na col\u00f4nia La Nopalera, onde, para sua surpresa, hoje vivem os Menchaca.<\/p>\n","protected":false},"excerpt":{"rendered":"<p>Resumo novela \u201cQue Pobres T\u00e3o Ricos\u201d 20\/08 : no cap\u00edtulo 021(*) da novela \u201cQue Pobres T\u00e3o Ricos\u201d, resumo de segunda-feira, 20 de agosto, Jesus comunica a todos que vai cumprir o trato que fez com o Sr. Aureliano e vai pagar o valor que Lupita havia calculado. Lupita se sente orgulhosa de seu pai e [&hellip;]<\/p>\n","protected":false},"author":2,"featured_media":148670,"comment_status":"open","ping_status":"closed","sticky":false,"template":"","format":"standard","meta":{"tdm_status":"","tdm_grid_status":"","footnotes":""},"categories":[379,372,343],"tags":[441],"class_list":{"0":"post-149396","1":"post","2":"type-post","3":"status-publish","4":"format-standard","5":"has-post-thumbnail","7":"category-novelas","8":"category-sbt","9":"category-televisao","10":"tag-resumo-do-dia"},"_links":{"self":[{"href":"https:\/\/migracao.redenoticia.com.br\/noticia\/wp-json\/wp\/v2\/posts\/149396","targetHints":{"allow":["GET"]}}],"collection":[{"href":"https:\/\/migracao.redenoticia.com.br\/noticia\/wp-json\/wp\/v2\/posts"}],"about":[{"href":"https:\/\/migracao.redenoticia.com.br\/noticia\/wp-json\/wp\/v2\/types\/post"}],"author":[{"embeddable":true,"href":"https:\/\/migracao.redenoticia.com.br\/noticia\/wp-json\/wp\/v2\/users\/2"}],"replies":[{"embeddable":true,"href":"https:\/\/migracao.redenoticia.com.br\/noticia\/wp-json\/wp\/v2\/comments?post=149396"}],"version-history":[{"count":0,"href":"https:\/\/migracao.redenoticia.com.br\/noticia\/wp-json\/wp\/v2\/posts\/149396\/revisions"}],"wp:featuredmedia":[{"embeddable":true,"href":"https:\/\/migracao.redenoticia.com.br\/noticia\/wp-json\/wp\/v2\/media\/148670"}],"wp:attachment":[{"href":"https:\/\/migracao.redenoticia.com.br\/noticia\/wp-json\/wp\/v2\/media?parent=149396"}],"wp:term":[{"taxonomy":"category","embeddable":true,"href":"https:\/\/migracao.redenoticia.com.br\/noticia\/wp-json\/wp\/v2\/categories?post=149396"},{"taxonomy":"post_tag","embeddable":true,"href":"https:\/\/migracao.redenoticia.com.br\/noticia\/wp-json\/wp\/v2\/tags?post=149396"}],"curies":[{"name":"wp","href":"https:\/\/api.w.org\/{rel}","templated":true}]}}