{"id":149398,"date":"2018-08-18T11:32:13","date_gmt":"2018-08-18T14:32:13","guid":{"rendered":"https:\/\/www.redenoticia.com.br\/noticia\/?p=149398"},"modified":"2018-08-18T11:32:13","modified_gmt":"2018-08-18T14:32:13","slug":"resumo-novela-as-aventuras-de-poliana-20-08-afonso-pede-aula-para-luisa","status":"publish","type":"post","link":"https:\/\/migracao.redenoticia.com.br\/noticia\/2018\/resumo-novela-as-aventuras-de-poliana-20-08-afonso-pede-aula-para-luisa\/149398","title":{"rendered":"Resumo novela \u201cAs Aventuras de Poliana\u201d 20\/08: Afonso pede aula para Lu\u00edsa"},"content":{"rendered":"<p> <img loading=\"lazy\" decoding=\"async\" class=\"alignleft size-thumbnail wp-image-148201\" src=\"https:\/\/migracao.redenoticia.com.br\/noticia\/imagens\/poliana-150x112.jpg\" alt=\"\" width=\"150\" height=\"112\" srcset=\"https:\/\/migracao.redenoticia.com.br\/noticia\/imagens\/poliana-150x112.jpg 150w, https:\/\/migracao.redenoticia.com.br\/noticia\/imagens\/poliana-265x198.jpg 265w, https:\/\/migracao.redenoticia.com.br\/noticia\/imagens\/poliana-485x360.jpg 485w, https:\/\/migracao.redenoticia.com.br\/noticia\/imagens\/poliana-534x400.jpg 534w\" sizes=\"auto, (max-width: 150px) 100vw, 150px\" \/><strong><em>Resumo novela \u201cAs Aventuras de Poliana\u201d 20\/08 <\/em><\/strong>: no cap\u00edtulo 069(*) da novela \u201cAs Aventuras de Poliana\u201d, resumo de segunda-feira, 20 de agosto, Luca tira selfies com um esqueleto da escola. Raquel assiste ao v\u00eddeo do canal de Luca Tuber na internet em que o rapaz faz uma lista Top 3 das meninas mais bonitas de sua sala de aula. Para Luca, Brenda e Gabi s\u00e3o as garotas mais atraentes, mas o maior destaque fica para Raquel. Ruth percebe que invadiram sua sala e conversa com Gleyce e Lindomar. A diretora decide instalar c\u00e2meras de seguran\u00e7a pela escola. Guilherme e Luca discutem na escola ap\u00f3s o v\u00eddeo que o youtuber fez. Ciro vai buscar Kessya para lev\u00e1-la para casa durante a noite. O homem est\u00e1 preocupado e temeroso com a nova ordem do Rato, chefe misterioso da comunidade, com o toque de recolher. <\/p>\n<p>Claudia avisa os filhos que a situa\u00e7\u00e3o financeira da fam\u00edlia est\u00e1 ainda pior. Raquel e Guilherme que n\u00e3o podem mais adiar contar aos amigos que est\u00e3o juntos. Afonso pede para Lu\u00edsa dar aulas de etiqueta para que ele possa ser o par perfeito para a amada. Ant\u00f4nio presenteia Nanci com um antigo livro de receitas doces de sua fam\u00edlia. Arlete convence Ver\u00f4nica a falar com Gl\u00f3ria para tentarem fazer a entrevista para ingressar no comit\u00ea do La\u00e7o Azul. Gl\u00f3ria autoriza que as duas fa\u00e7am a entrevista. Mirela tenta chamar a aten\u00e7\u00e3o de Luca, mas o garoto quase n\u00e3o nota sua presen\u00e7a. Raquel conversa com Mirela, Guilherme interrompe e diz que \u00e9 mentira o que Mirela disse sobre o beijo dos dois ter sido real. <\/p>\n<p>Guilherme tenta contar que est\u00e1 namorando Raquel, mas a garota interrompe para n\u00e3o magoar Mirela. Jo\u00e3o conta para Luigi que a diretora vai instalar c\u00e2meras de seguran\u00e7a na escola. Luigi diz que ajudar\u00e1 o amigo. Gl\u00f3ria diz que se Arlete e Ver\u00f4nica apresentarem um bom projeto social as outras associadas do comit\u00ea, elas ser\u00e3o aprovadas. Ben\u00edcio e Gael dizem para Lorena e M\u00e1rio que v\u00e3o deixar a miss\u00e3o do Sr. P. de lado para ajudar a m\u00e3e que est\u00e1 com problemas financeiros. Os quatro decidem se juntar para ajudar a mulher. \u00c9ric e Hugo ficam de castigo auxiliando professores durante a aula.<\/p>\n<p>(*) edi\u00e7\u00e3o do SBT, Novela \u201cAs Aventuras de Poliana\u201d, sujeito a altera\u00e7\u00e3o de data e conte\u00fado.<\/p>\n<p>Poliana \u00e9 uma menina extrovertida e de bom cora\u00e7\u00e3o que viajava o Brasil com seus pais, Lorenzo e Alice, no grupo circense Trupe Vagalume. Aos onze anos a garota v\u00ea seu mundo desabar quando seus pais falecem e ela tem que ir morar em S\u00e3o Paulo com sua tia Lu\u00edsa, uma mulher rica e severa, a qual ela n\u00e3o conhecia e que n\u00e3o queria cuidar dela, embora sinta que \u00e9 sua obriga\u00e7\u00e3o pela alma de sua irm\u00e3. Apesar do jeito da rigidez da tia, Poliana decide ter uma vis\u00e3o positiva e inabal\u00e1vel da vida, mesmo nos momentos de dificuldade, tentando levar um pouco de felicidade para a vida de cada um dos seus novos amigos e vizinhos, como o Sr. Pendleton, um homem rico e infeliz por nunca ter tido filhos. Ela vai estudar no col\u00e9gio de Ruth, uma diretora de bom cora\u00e7\u00e3o que a ajuda a se adaptar, mas tem que lidar com as vilanias de Mirela, garota mais velha que n\u00e3o aceita perder a popularidade para uma novata.<\/p>\n","protected":false},"excerpt":{"rendered":"<p>Resumo novela \u201cAs Aventuras de Poliana\u201d 20\/08 : no cap\u00edtulo 069(*) da novela \u201cAs Aventuras de Poliana\u201d, resumo de segunda-feira, 20 de agosto, Luca tira selfies com um esqueleto da escola. Raquel assiste ao v\u00eddeo do canal de Luca Tuber na internet em que o rapaz faz uma lista Top 3 das meninas mais bonitas [&hellip;]<\/p>\n","protected":false},"author":2,"featured_media":148201,"comment_status":"open","ping_status":"closed","sticky":false,"template":"","format":"standard","meta":{"tdm_status":"","tdm_grid_status":"","footnotes":""},"categories":[477,379,372,343],"tags":[441],"class_list":{"0":"post-149398","1":"post","2":"type-post","3":"status-publish","4":"format-standard","5":"has-post-thumbnail","7":"category-as-aventuras-de-poliana","8":"category-novelas","9":"category-sbt","10":"category-televisao","11":"tag-resumo-do-dia"},"_links":{"self":[{"href":"https:\/\/migracao.redenoticia.com.br\/noticia\/wp-json\/wp\/v2\/posts\/149398","targetHints":{"allow":["GET"]}}],"collection":[{"href":"https:\/\/migracao.redenoticia.com.br\/noticia\/wp-json\/wp\/v2\/posts"}],"about":[{"href":"https:\/\/migracao.redenoticia.com.br\/noticia\/wp-json\/wp\/v2\/types\/post"}],"author":[{"embeddable":true,"href":"https:\/\/migracao.redenoticia.com.br\/noticia\/wp-json\/wp\/v2\/users\/2"}],"replies":[{"embeddable":true,"href":"https:\/\/migracao.redenoticia.com.br\/noticia\/wp-json\/wp\/v2\/comments?post=149398"}],"version-history":[{"count":0,"href":"https:\/\/migracao.redenoticia.com.br\/noticia\/wp-json\/wp\/v2\/posts\/149398\/revisions"}],"wp:featuredmedia":[{"embeddable":true,"href":"https:\/\/migracao.redenoticia.com.br\/noticia\/wp-json\/wp\/v2\/media\/148201"}],"wp:attachment":[{"href":"https:\/\/migracao.redenoticia.com.br\/noticia\/wp-json\/wp\/v2\/media?parent=149398"}],"wp:term":[{"taxonomy":"category","embeddable":true,"href":"https:\/\/migracao.redenoticia.com.br\/noticia\/wp-json\/wp\/v2\/categories?post=149398"},{"taxonomy":"post_tag","embeddable":true,"href":"https:\/\/migracao.redenoticia.com.br\/noticia\/wp-json\/wp\/v2\/tags?post=149398"}],"curies":[{"name":"wp","href":"https:\/\/api.w.org\/{rel}","templated":true}]}}