{"id":149408,"date":"2018-08-18T12:04:25","date_gmt":"2018-08-18T15:04:25","guid":{"rendered":"https:\/\/www.redenoticia.com.br\/noticia\/?p=149408"},"modified":"2018-08-18T12:04:25","modified_gmt":"2018-08-18T15:04:25","slug":"resumo-novela-orgulho-e-paixao-20-08-margareth-destroi-a-festa-de-ernesto-e-ema","status":"publish","type":"post","link":"https:\/\/migracao.redenoticia.com.br\/noticia\/2018\/resumo-novela-orgulho-e-paixao-20-08-margareth-destroi-a-festa-de-ernesto-e-ema\/149408","title":{"rendered":"Resumo novela \u201cOrgulho e Paix\u00e3o\u201d 20\/08: Margareth destr\u00f3i a festa de Ernesto e Ema"},"content":{"rendered":"<p> <img loading=\"lazy\" decoding=\"async\" class=\"alignleft size-thumbnail wp-image-148134\" src=\"https:\/\/migracao.redenoticia.com.br\/noticia\/imagens\/orgulho-paixao-resumo-novela-150x112.jpg\" alt=\"\" width=\"150\" height=\"112\" srcset=\"https:\/\/migracao.redenoticia.com.br\/noticia\/imagens\/orgulho-paixao-resumo-novela-150x112.jpg 150w, https:\/\/migracao.redenoticia.com.br\/noticia\/imagens\/orgulho-paixao-resumo-novela-265x198.jpg 265w, https:\/\/migracao.redenoticia.com.br\/noticia\/imagens\/orgulho-paixao-resumo-novela-485x360.jpg 485w\" sizes=\"auto, (max-width: 150px) 100vw, 150px\" \/><strong><em>Resumo novela \u201cOrgulho e Paix\u00e3o\u201d 20\/08 <\/em><\/strong>: no cap\u00edtulo 132(*) da novela \u201cOrgulho e Paix\u00e3o\u201d, resumo de segunda-feira, 20 de agosto, Cec\u00edlia conforta Mariana, que despista a irm\u00e3 sobre o verdadeiro motivo de ter seus cabelos cortados. Incentivado por Ernesto, R\u00f4mulo perdoa Edmundo, e aconselha o irm\u00e3o a se afastar do \u00e1lcool. Todos disfar\u00e7am a prepara\u00e7\u00e3o do casamento quando Ema chega. Jane convence Camilo a se aproximar mais de sua m\u00e3e e deixar que ela participe da vida da crian\u00e7a que vai nascer. Ernesto convida Fani para ser sua madrinha de casamento. <\/p>\n<p>Lady Margareth convoca Xavier e Virg\u00edlio para arruinar o casamento de Ernesto e Ema. Ludmila e Elisabeta armam para levar Ema \u00e0 igreja, sem que a mo\u00e7a desconfie da surpresa. Kl\u00e9ber se disfar\u00e7a para escutar os planos de Susana e Pet\u00falia contra Oleg\u00e1rio. Ema se emociona com o casamento-surpresa preparado por Ernesto e seus amigos. Lady Margareth destr\u00f3i a festa de casamento de Ernesto e Ema.<\/p>\n<p>(*) edi\u00e7\u00e3o da Rede Globo, Novela \u201cOrgulho e Paix\u00e3o\u201d, sujeito a altera\u00e7\u00e3o de data e conte\u00fado.<\/p>\n<p>No fict\u00edcio Vale do Caf\u00e9, interior de S\u00e3o Paulo, nossos personagens vivem seus conflitos sociais e de conduta, que sempre se contrap\u00f5em aos desejos pessoais de cada um. Elisabeta (Nathalia Dill) \u00e9 uma mulher \u00e0 frente do seu tempo, com pensamentos igualit\u00e1rios e interesses at\u00edpicos para uma jovem do in\u00edcio do s\u00e9culo XX. Ela deseja trabalhar, conhecer o mundo e \u00e9 incentivada a realizar seus sonhos pelo pai, Felisberto (Tato Gabus Mendes), que vive \u00e0s turras com a mulher, Of\u00e9lia (Vera Holtz), por pensarem diferente sobre a cria\u00e7\u00e3o das filhas. Ao todo, o casal teve cinco mulheres, e cada uma com uma personalidade diferente.<\/p>\n<p>A personagem de Nathalia Dill entrar\u00e1 em conflito quando se apaixonar por Darcy (Thiago Lacerda), um homem de car\u00e1ter e muito sisudo. O amor n\u00e3o \u00e9 \u00e0 primeira vista, j\u00e1 que os dois n\u00e3o se entendem assim que se conhecem. O sentimento de repulsa dar\u00e1 lugar a uma grande paix\u00e3o, que ser\u00e1 negada pelo casal o m\u00e1ximo poss\u00edvel. <\/p>\n","protected":false},"excerpt":{"rendered":"<p>Resumo novela \u201cOrgulho e Paix\u00e3o\u201d 20\/08 : no cap\u00edtulo 132(*) da novela \u201cOrgulho e Paix\u00e3o\u201d, resumo de segunda-feira, 20 de agosto, Cec\u00edlia conforta Mariana, que despista a irm\u00e3 sobre o verdadeiro motivo de ter seus cabelos cortados. Incentivado por Ernesto, R\u00f4mulo perdoa Edmundo, e aconselha o irm\u00e3o a se afastar do \u00e1lcool. Todos disfar\u00e7am a [&hellip;]<\/p>\n","protected":false},"author":2,"featured_media":148679,"comment_status":"open","ping_status":"closed","sticky":false,"template":"","format":"standard","meta":{"tdm_status":"","tdm_grid_status":"","footnotes":""},"categories":[388,379,467,375,343],"tags":[441],"class_list":{"0":"post-149408","1":"post","2":"type-post","3":"status-publish","4":"format-standard","5":"has-post-thumbnail","7":"category-destaques","8":"category-novelas","9":"category-orgulho-e-paixao","10":"category-rede-globo","11":"category-televisao","12":"tag-resumo-do-dia"},"_links":{"self":[{"href":"https:\/\/migracao.redenoticia.com.br\/noticia\/wp-json\/wp\/v2\/posts\/149408","targetHints":{"allow":["GET"]}}],"collection":[{"href":"https:\/\/migracao.redenoticia.com.br\/noticia\/wp-json\/wp\/v2\/posts"}],"about":[{"href":"https:\/\/migracao.redenoticia.com.br\/noticia\/wp-json\/wp\/v2\/types\/post"}],"author":[{"embeddable":true,"href":"https:\/\/migracao.redenoticia.com.br\/noticia\/wp-json\/wp\/v2\/users\/2"}],"replies":[{"embeddable":true,"href":"https:\/\/migracao.redenoticia.com.br\/noticia\/wp-json\/wp\/v2\/comments?post=149408"}],"version-history":[{"count":0,"href":"https:\/\/migracao.redenoticia.com.br\/noticia\/wp-json\/wp\/v2\/posts\/149408\/revisions"}],"wp:featuredmedia":[{"embeddable":true,"href":"https:\/\/migracao.redenoticia.com.br\/noticia\/wp-json\/wp\/v2\/media\/148679"}],"wp:attachment":[{"href":"https:\/\/migracao.redenoticia.com.br\/noticia\/wp-json\/wp\/v2\/media?parent=149408"}],"wp:term":[{"taxonomy":"category","embeddable":true,"href":"https:\/\/migracao.redenoticia.com.br\/noticia\/wp-json\/wp\/v2\/categories?post=149408"},{"taxonomy":"post_tag","embeddable":true,"href":"https:\/\/migracao.redenoticia.com.br\/noticia\/wp-json\/wp\/v2\/tags?post=149408"}],"curies":[{"name":"wp","href":"https:\/\/api.w.org\/{rel}","templated":true}]}}