{"id":149410,"date":"2018-08-18T12:07:25","date_gmt":"2018-08-18T15:07:25","guid":{"rendered":"https:\/\/www.redenoticia.com.br\/noticia\/?p=149410"},"modified":"2018-08-18T12:20:19","modified_gmt":"2018-08-18T15:20:19","slug":"resumo-novela-o-tempo-nao-para20-08-carmen-se-desespera","status":"publish","type":"post","link":"https:\/\/migracao.redenoticia.com.br\/noticia\/2018\/resumo-novela-o-tempo-nao-para20-08-carmen-se-desespera\/149410","title":{"rendered":"Resumo novela \u201cO Tempo N\u00e3o Para\u201d20\/08: Carmen se desespera"},"content":{"rendered":"<p> <img loading=\"lazy\" decoding=\"async\" class=\"alignleft size-thumbnail wp-image-148135\" src=\"https:\/\/migracao.redenoticia.com.br\/noticia\/imagens\/o-tempo-nao-para-novela-resumo-150x112.jpg\" alt=\"\" width=\"150\" height=\"112\" srcset=\"https:\/\/migracao.redenoticia.com.br\/noticia\/imagens\/o-tempo-nao-para-novela-resumo-150x112.jpg 150w, https:\/\/migracao.redenoticia.com.br\/noticia\/imagens\/o-tempo-nao-para-novela-resumo-265x198.jpg 265w, https:\/\/migracao.redenoticia.com.br\/noticia\/imagens\/o-tempo-nao-para-novela-resumo-485x360.jpg 485w\" sizes=\"auto, (max-width: 150px) 100vw, 150px\" \/><strong><em>Resumo novela \u201cO Tempo N\u00e3o Para\u201d 20\/08 <\/em><\/strong>: no cap\u00edtulo 018(*) da novela \u201cO Tempo N\u00e3o Para\u201d, resumo segunda-feira, 20 de agosto, o helic\u00f3ptero faz um pouso for\u00e7ado em uma clareira. Marocas cuida de Samuca e eles passam a noite na mata. Carmen se desespera ao saber do sumi\u00e7o do filho. Marocas conta sobre sua vida para Samuca. <\/p>\n<p>Waleska coordena as buscas aos jovens, e Dom Sabino insiste em participar. Dom Sabino encontra Marocas e Samuca se beijando. Eliseu resgata a carro\u00e7a. Samuca pede Marocas em casamento para Dom Sabino.<\/p>\n<p>(*) edi\u00e7\u00e3o da Rede Globo, Novela \u201cO Tempo N\u00e3o Para\u201d, sujeito a altera\u00e7\u00e3o de data e conte\u00fado.<\/p>\n<p>Anos de avan\u00e7os e descobertas que moldaram costumes, h\u00e1bitos e linguagens da sociedade contempor\u00e2nea v\u00e3o gerar um choque em uma abastada fam\u00edlia do s\u00e9culo XIX que desperta no s\u00e9culo XXI. Por 132 anos, os Sabino Machado e seus agregados ficaram congelados, dentro de um bloco de gelo, enquanto a vida l\u00e1 fora passava. Agora, v\u00e3o despertar em uma S\u00e3o Paulo pulsante e turbulenta e se deparar com a sociedade em pleno 2018. &#8220;O Tempo N\u00e3o Para&#8221;, nova novela das 7, \u00e9 escrita por Mario Teixeira e tem dire\u00e7\u00e3o art\u00edstica de Leonardo Nogueira.<\/p>\n","protected":false},"excerpt":{"rendered":"<p>Resumo novela \u201cO Tempo N\u00e3o Para\u201d 20\/08 : no cap\u00edtulo 018(*) da novela \u201cO Tempo N\u00e3o Para\u201d, resumo segunda-feira, 20 de agosto, o helic\u00f3ptero faz um pouso for\u00e7ado em uma clareira. Marocas cuida de Samuca e eles passam a noite na mata. Carmen se desespera ao saber do sumi\u00e7o do filho. Marocas conta sobre sua [&hellip;]<\/p>\n","protected":false},"author":2,"featured_media":148677,"comment_status":"open","ping_status":"closed","sticky":false,"template":"","format":"standard","meta":{"tdm_status":"","tdm_grid_status":"","footnotes":""},"categories":[388,379,490,375,343],"tags":[441],"class_list":{"0":"post-149410","1":"post","2":"type-post","3":"status-publish","4":"format-standard","5":"has-post-thumbnail","7":"category-destaques","8":"category-novelas","9":"category-o-tempo-nao-para","10":"category-rede-globo","11":"category-televisao","12":"tag-resumo-do-dia"},"_links":{"self":[{"href":"https:\/\/migracao.redenoticia.com.br\/noticia\/wp-json\/wp\/v2\/posts\/149410","targetHints":{"allow":["GET"]}}],"collection":[{"href":"https:\/\/migracao.redenoticia.com.br\/noticia\/wp-json\/wp\/v2\/posts"}],"about":[{"href":"https:\/\/migracao.redenoticia.com.br\/noticia\/wp-json\/wp\/v2\/types\/post"}],"author":[{"embeddable":true,"href":"https:\/\/migracao.redenoticia.com.br\/noticia\/wp-json\/wp\/v2\/users\/2"}],"replies":[{"embeddable":true,"href":"https:\/\/migracao.redenoticia.com.br\/noticia\/wp-json\/wp\/v2\/comments?post=149410"}],"version-history":[{"count":0,"href":"https:\/\/migracao.redenoticia.com.br\/noticia\/wp-json\/wp\/v2\/posts\/149410\/revisions"}],"wp:featuredmedia":[{"embeddable":true,"href":"https:\/\/migracao.redenoticia.com.br\/noticia\/wp-json\/wp\/v2\/media\/148677"}],"wp:attachment":[{"href":"https:\/\/migracao.redenoticia.com.br\/noticia\/wp-json\/wp\/v2\/media?parent=149410"}],"wp:term":[{"taxonomy":"category","embeddable":true,"href":"https:\/\/migracao.redenoticia.com.br\/noticia\/wp-json\/wp\/v2\/categories?post=149410"},{"taxonomy":"post_tag","embeddable":true,"href":"https:\/\/migracao.redenoticia.com.br\/noticia\/wp-json\/wp\/v2\/tags?post=149410"}],"curies":[{"name":"wp","href":"https:\/\/api.w.org\/{rel}","templated":true}]}}