{"id":149737,"date":"2018-08-21T22:38:40","date_gmt":"2018-08-22T01:38:40","guid":{"rendered":"https:\/\/www.redenoticia.com.br\/noticia\/?p=149737"},"modified":"2018-08-23T19:27:32","modified_gmt":"2018-08-23T22:27:32","slug":"novela-essas-mulheres-resumo-23-08-ferreira-beija-mila","status":"publish","type":"post","link":"https:\/\/migracao.redenoticia.com.br\/noticia\/2018\/novela-essas-mulheres-resumo-23-08-ferreira-beija-mila\/149737","title":{"rendered":"Novela \u201cEssas Mulheres\u201d resumo 23\/08: Ferreira beija Mila"},"content":{"rendered":"<p> <img loading=\"lazy\" decoding=\"async\" src=\"https:\/\/migracao.redenoticia.com.br\/noticia\/imagens\/essas-mulheres-resumo-novela-150x112.jpg\" alt=\"\" width=\"150\" height=\"112\" class=\"alignleft size-thumbnail wp-image-148140\" srcset=\"https:\/\/migracao.redenoticia.com.br\/noticia\/imagens\/essas-mulheres-resumo-novela-150x112.jpg 150w, https:\/\/migracao.redenoticia.com.br\/noticia\/imagens\/essas-mulheres-resumo-novela-265x198.jpg 265w, https:\/\/migracao.redenoticia.com.br\/noticia\/imagens\/essas-mulheres-resumo-novela-485x360.jpg 485w\" sizes=\"auto, (max-width: 150px) 100vw, 150px\" \/><em><strong>Novela \u201cEssas Mulheres\u201d resumo 23\/08<\/strong><\/em>: no capitulo 019 (*) da novela \u201cEssas Mulheres\u201d, quinta-feira, 23 de agosto, Firmina pede dinheiro a Lemos para comprar roupas novas para Gl\u00f3ria. Lemos exige Gl\u00f3ria assine uns documentos como forma de garantia de seu empr\u00e9stimo. Pedrinho confessa a Ana que sonha beij\u00e1-la um dia. Cunha leva os pap\u00e9is para Gl\u00f3ria assinar, mas ela se nega. Tadeu pede a Nina algumas aulas sobre o amor. Mila se chateia com a not\u00edcia que sua m\u00e3e est\u00e1 prestes a chegar de viagem. <\/p>\n<p>Adelaide planeja uma forma de reconquistar Fernando. Cunha aguarda escondido, o desembarque das mercadorias ilegais na praia. Mila mostra seus quadros para Ferreira. Nicota satisfaz o sonho de Tadeu. Nervosos, ele cai da cadeira. Ferreira beija Mila, que o empurra assustada. Sim\u00e3o leva um tiro durante o roubo das mercadorias na praia. Bela conta para Adelaide tudo o que descobriu da fam\u00edlia de Fernando.<\/p>\n<p>(*) edi\u00e7\u00e3o da Rede Record, Novela \u201cEssas Mulheres\u201d, sujeito a altera\u00e7\u00e3o de data e conte\u00fado.<\/p>\n<p>\u201cEssas Mulheres\u201d &#8211; A trama se passa em 1880, na cidade do Rio de Janeiro, seguindo a vida de tr\u00eas mulheres fortes e determinadas. Aur\u00e9lia (Christine Fernandes), Maria da Gl\u00f3ria (Carla Cabral) e Mila (Miriam Freeland) s\u00e3o grandes amigas que frequentam as aulas de etiqueta juntas, por\u00e9m a vida n\u00e3o demora muito para coloca-las em rumos completamente diferentes. Aur\u00e9lia vivia com sua m\u00e3e e irm\u00e3o em uma casa de favor, por\u00e9m eles s\u00e3o expulsos quando seu tio Lemos (Paulo Gorgulho) vende o im\u00f3vel sem piedade, for\u00e7ando-os a ir morar de aluguel e ela trabalhar como empregada para a arrogante Adelaide (Adriana Garambone) \u2013 que a humilha constantemente e lhe rouba Fernando Seixas (Gabriel Braga Nunes), jornalista com quem ela vivia um romance.<\/p>\n","protected":false},"excerpt":{"rendered":"<p>Novela \u201cEssas Mulheres\u201d resumo 23\/08: no capitulo 019 (*) da novela \u201cEssas Mulheres\u201d, quinta-feira, 23 de agosto, Firmina pede dinheiro a Lemos para comprar roupas novas para Gl\u00f3ria. Lemos exige Gl\u00f3ria assine uns documentos como forma de garantia de seu empr\u00e9stimo. Pedrinho confessa a Ana que sonha beij\u00e1-la um dia. Cunha leva os pap\u00e9is para [&hellip;]<\/p>\n","protected":false},"author":2,"featured_media":148140,"comment_status":"open","ping_status":"closed","sticky":false,"template":"","format":"standard","meta":{"tdm_status":"","tdm_grid_status":"","footnotes":""},"categories":[379,371,343],"tags":[441],"class_list":{"0":"post-149737","1":"post","2":"type-post","3":"status-publish","4":"format-standard","5":"has-post-thumbnail","7":"category-novelas","8":"category-rede-record","9":"category-televisao","10":"tag-resumo-do-dia"},"_links":{"self":[{"href":"https:\/\/migracao.redenoticia.com.br\/noticia\/wp-json\/wp\/v2\/posts\/149737","targetHints":{"allow":["GET"]}}],"collection":[{"href":"https:\/\/migracao.redenoticia.com.br\/noticia\/wp-json\/wp\/v2\/posts"}],"about":[{"href":"https:\/\/migracao.redenoticia.com.br\/noticia\/wp-json\/wp\/v2\/types\/post"}],"author":[{"embeddable":true,"href":"https:\/\/migracao.redenoticia.com.br\/noticia\/wp-json\/wp\/v2\/users\/2"}],"replies":[{"embeddable":true,"href":"https:\/\/migracao.redenoticia.com.br\/noticia\/wp-json\/wp\/v2\/comments?post=149737"}],"version-history":[{"count":0,"href":"https:\/\/migracao.redenoticia.com.br\/noticia\/wp-json\/wp\/v2\/posts\/149737\/revisions"}],"wp:featuredmedia":[{"embeddable":true,"href":"https:\/\/migracao.redenoticia.com.br\/noticia\/wp-json\/wp\/v2\/media\/148140"}],"wp:attachment":[{"href":"https:\/\/migracao.redenoticia.com.br\/noticia\/wp-json\/wp\/v2\/media?parent=149737"}],"wp:term":[{"taxonomy":"category","embeddable":true,"href":"https:\/\/migracao.redenoticia.com.br\/noticia\/wp-json\/wp\/v2\/categories?post=149737"},{"taxonomy":"post_tag","embeddable":true,"href":"https:\/\/migracao.redenoticia.com.br\/noticia\/wp-json\/wp\/v2\/tags?post=149737"}],"curies":[{"name":"wp","href":"https:\/\/api.w.org\/{rel}","templated":true}]}}